{"id":1041149,"date":"2025-04-13T19:49:17","date_gmt":"2025-04-13T19:49:17","guid":{"rendered":"https:\/\/thefeminismproject.com\/non-categorise\/que-pensent-les-feministes-des-traps-culture-urbaine-et-genre\/"},"modified":"2025-04-13T19:49:17","modified_gmt":"2025-04-13T19:49:17","slug":"que-pensent-les-feministes-des-traps-culture-urbaine-et-genre","status":"publish","type":"post","link":"https:\/\/thefeminismproject.com\/fr\/en-vedette\/que-pensent-les-feministes-des-traps-culture-urbaine-et-genre\/","title":{"rendered":"Que pensent les f\u00e9ministes des traps ? Culture urbaine et genre"},"content":{"rendered":"<p>Dans le panorama vibrant et complexe de la culture urbaine contemporaine, les traps, un ph\u00e9nom\u00e8ne alliant musique, mode et identit\u00e9 de genre, suscitent des d\u00e9bats passionn\u00e9s. Mais qu&rsquo;en pensent v\u00e9ritablement les f\u00e9ministes ? Comment cette esth\u00e9tique, qui repousse les fronti\u00e8res traditionnelles de la masculinit\u00e9 et de la f\u00e9minit\u00e9, est-elle per\u00e7ue \u00e0 travers le prisme du f\u00e9minisme ? Pour envisager cette question, il est imp\u00e9ratif d&rsquo;explorer la fascination, les tensions, et la n\u00e9cessit\u00e9 d&rsquo;un regard critique sur ce ph\u00e9nom\u00e8ne en pleine expansion.<\/p>\n<p>Les traps, souvent d\u00e9finis par leur m\u00e9lange d&rsquo;influences comme le rap, le drag, et divers \u00e9l\u00e9ments de la mode, s\u00e9duisent un large public. Cette hybridit\u00e9, plut\u00f4t que de s\u2019inscrire dans une simple dichotomie masculin\/f\u00e9minin, soul\u00e8ve une interrogation plus profonde sur les normes de genre \u00e9tablies. Dans un monde o\u00f9 les f\u00e9ministes s\u2019\u00e9rigent contre les st\u00e9r\u00e9otypes traditionnels, la culture trap, avec ses performances audacieuses et ses esth\u00e9tiques flamboyantes, pourrait sembler, \u00e0 premi\u00e8re vue, une c\u00e9l\u00e9bration du flou identitaire. Pourtant, cette c\u00e9l\u00e9bration peut \u00e9galement masquer des tensions culturelles et sociales non r\u00e9solues.<\/p>\n<p>Il apparait que l&rsquo;attirance pour les traps ne r\u00e9side pas seulement dans leur esth\u00e9tique audacieuse, mais aussi dans leur capacit\u00e9 \u00e0 questionner le genre lui-m\u00eame. En s&rsquo;appropriant les codes du masculin, souvent associ\u00e9s \u00e0 la virilit\u00e9, tout en exhibant des \u00e9l\u00e9ments de la f\u00e9minit\u00e9, les artistes traps instillent un sentiment de d\u00e9s\u00e9quilibre qui pousse \u00e0 la r\u00e9flexion. La fascination pour ces artistes peut \u00eatre interpr\u00e9t\u00e9e non seulement comme une simple admiration, mais comme une qu\u00eate d&rsquo;affirmation de soi dans un cadre qui longtemps excluait les voix non conformes. Cela fait \u00e9cho \u00e0 l\u2019id\u00e9e que la lib\u00e9ration des genres est intrins\u00e8quement li\u00e9e \u00e0 la possibilit\u00e9 de d\u00e9fier les r\u00f4les assign\u00e9s.<\/p>\n<p>Cependant, ce ph\u00e9nom\u00e8ne ne va pas sans critiques. Certains f\u00e9ministes pointent du doigt une appropriation probl\u00e9matique des \u00e9l\u00e9ments f\u00e9minins dans la culture trap. L\u2019existence de figures masculines qui adoptent des esth\u00e9tiques f\u00e9minines peut cr\u00e9er un espace d&rsquo;expression, mais cela soul\u00e8ve \u00e9galement des interrogations sur la reconnaissance des luttes f\u00e9ministes historiques. Lorsque des hommes s&#8217;emparent de la f\u00e9minit\u00e9, est-ce une v\u00e9ritable forme d\u2019alliance ou plut\u00f4t un acte de r\u00e9cup\u00e9ration des luttes f\u00e9ministes ? La question se pose avec acuit\u00e9, car elle renvoie \u00e0 un assemblage d&rsquo;images et de significations qui peuvent, \u00e0 un moment donn\u00e9, s&rsquo;av\u00e9rer probl\u00e9matiques.<\/p>\n<p>Les voix f\u00e9ministes doivent donc s&rsquo;interroger : la culture trap fait-elle avancer les droits des femmes ou les instrumentalise-t-elle d&rsquo;une mani\u00e8re d\u00e9loyale ? Le fait que des artistes masculins puissent capter et exploiter des repr\u00e9sentations de la f\u00e9minit\u00e9 sans n\u00e9cessairement \u00eatre confront\u00e9s aux r\u00e9alit\u00e9s v\u00e9cues par les femmes pose de nombreuses questions. Cette appropriation peut-elle aboutir \u00e0 un f\u00e9minisme inclusif, ou, \u00e0 l&rsquo;inverse, \u00e0 un nouvel outil de stigmatisation ? Pour certains, ces performances d\u2019hommes adoptant des postures f\u00e9minines ne font que renforcer une certaine objectivation, o\u00f9 le corps des femmes reste un produit de consommation.<\/p>\n<p>Le choc des cultures au sein du milieu trap est aussi une source de fascination. Ce monde vibrant d&rsquo;\u00e9nergie et de cr\u00e9ativit\u00e9 est en constante \u00e9volution, remettant en question les structures m\u00eame des genres. Les traps n\u2019agissent pas seulement comme une \u00e9volution stylistique mais t\u00e9moignent d&rsquo;un changement socioculturel plus large : une g\u00e9n\u00e9ration qui questionne les normes \u00e0 travers des conceptions de la masculinit\u00e9 et de la f\u00e9minit\u00e9 \u00e0 la fois rigides et fluides. Pourtant, ce changement doit s\u2019accompagner d\u2019une conscience critique et d\u2019une exigence f\u00e9ministe qui ne peut se permettre d\u2019ignorer les racines de ces dynamiques.<\/p>\n<p>Il est essentiel de se rappeler qu&rsquo;au c\u0153ur de tout cela r\u00e9side la voix des femmes, souvent marginalis\u00e9e. Lorsque les artistes traps expriment des \u00e9l\u00e9ments de la culture f\u00e9minine, il est imp\u00e9ratif qu\u2019elles soient \u00e9galement au centre du r\u00e9cit. Une v\u00e9ritable alliance doit s\u2019\u00e9tablir entre ces artistes et les f\u00e9ministes, proposant non pas une appropriation, mais une collaboration. Ensemble, elles pourraient r\u00e9inventer les narrations autour du genre, de l\u2019identit\u00e9 et de la sexualit\u00e9. Les traps offrent un champ d&rsquo;exp\u00e9rimentation qui pourrait, en th\u00e9orie, devenir un terrain fertile pour la r\u00e9flexion f\u00e9ministe.<\/p>\n<p>Il convient d\u2019aborder les traps comme une opportunit\u00e9. Au lieu de s\u2019arr\u00eater \u00e0 une critique superficielle, il s\u2019agit d\u2019une chance d&rsquo;engager un dialogue constructif. Les f\u00e9ministes et les artistes traps pourraient ainsi unir leurs forces pour questionner et red\u00e9finir les normes de genre, tout en prenant soin de reconna\u00eetre les luttes historiques des femmes. Il est crucial d\u2019asseoir cette collaboration sur des fondements \u00e9thiques, o\u00f9 le respect et la reconnaissance des exp\u00e9riences v\u00e9cues sont primordiaux.<\/p>\n<p>En d\u00e9finitive, les traps incarnent une exploration dynamique des genres. Ils invitent \u00e0 une r\u00e9flexion profonde sur les repr\u00e9sentations et les attentes li\u00e9es \u00e0 la masculinit\u00e9 et \u00e0 la f\u00e9minit\u00e9. Aux f\u00e9ministes de naviguer dans cette culture urbaine, tout en gardant \u00e0 l\u2019esprit la n\u00e9cessit\u00e9 d&rsquo;une perspective critique et inclusive. Car, au-del\u00e0 du spectacle et de la provocation, c\u2019est une question d\u2019\u00e9galit\u00e9 et de justice qui se joue dans le champ culturel contemporain.<\/p>\n","protected":false},"excerpt":{"rendered":"<p>Dans le panorama vibrant et complexe de la culture urbaine contemporaine, les traps, un ph\u00e9nom\u00e8ne alliant musique, mode et identit\u00e9 de genre, suscitent des d\u00e9bats passionn\u00e9s. Mais qu&rsquo;en pensent v\u00e9ritablement les f\u00e9ministes ? Comment cette esth\u00e9tique, qui repousse les fronti\u00e8res traditionnelles de la masculinit\u00e9 et de la f\u00e9minit\u00e9, est-elle per\u00e7ue \u00e0 travers le prisme du [&hellip;]<\/p>\n","protected":false},"author":1,"featured_media":1041150,"comment_status":"open","ping_status":"open","sticky":false,"template":"","format":"standard","meta":{"footnotes":""},"categories":[77],"tags":[],"class_list":{"0":"post-1041149","1":"post","2":"type-post","3":"status-publish","4":"format-standard","5":"has-post-thumbnail","7":"category-en-vedette"},"yoast_head":"<!-- This site is optimized with the Yoast SEO plugin v27.4 - https:\/\/yoast.com\/product\/yoast-seo-wordpress\/ -->\n<title>Que pensent les f\u00e9ministes des traps ? Culture urbaine et genre<\/title>\n<meta name=\"description\" content=\"Dans le panorama vibrant et complexe de la culture urbaine contemporaine, les traps, un ph\u00e9nom\u00e8ne alliant musique, mode et identit\u00e9 de genre, suscitent\" \/>\n<meta name=\"robots\" content=\"index, follow, max-snippet:-1, max-image-preview:large, max-video-preview:-1\" \/>\n<link rel=\"canonical\" href=\"https:\/\/thefeminismproject.com\/fr\/en-vedette\/que-pensent-les-feministes-des-traps-culture-urbaine-et-genre\/\" \/>\n<meta property=\"og:locale\" content=\"fr_FR\" \/>\n<meta property=\"og:type\" content=\"article\" \/>\n<meta property=\"og:title\" content=\"Que pensent les f\u00e9ministes des traps ? Culture urbaine et genre\" \/>\n<meta property=\"og:description\" content=\"Dans le panorama vibrant et complexe de la culture urbaine contemporaine, les traps, un ph\u00e9nom\u00e8ne alliant musique, mode et identit\u00e9 de genre, suscitent\" \/>\n<meta property=\"og:url\" content=\"https:\/\/thefeminismproject.com\/fr\/en-vedette\/que-pensent-les-feministes-des-traps-culture-urbaine-et-genre\/\" \/>\n<meta property=\"og:site_name\" content=\"thefeminismproject.com\" \/>\n<meta property=\"article:published_time\" content=\"2025-04-13T19:49:17+00:00\" \/>\n<meta property=\"og:image\" content=\"https:\/\/thefeminismproject.com\/wp-content\/uploads\/2025\/04\/capture-d-cran-2021-03-04-17-10-28_2_1200.jpg\" \/>\n\t<meta property=\"og:image:width\" content=\"1200\" \/>\n\t<meta property=\"og:image:height\" content=\"675\" \/>\n\t<meta property=\"og:image:type\" content=\"image\/jpeg\" \/>\n<meta name=\"author\" content=\"Joaquimma Anna\" \/>\n<meta name=\"twitter:card\" content=\"summary_large_image\" \/>\n<meta name=\"twitter:label1\" content=\"\u00c9crit par\" \/>\n\t<meta name=\"twitter:data1\" content=\"Joaquimma Anna\" \/>\n\t<meta name=\"twitter:label2\" content=\"Dur\u00e9e de lecture estim\u00e9e\" \/>\n\t<meta name=\"twitter:data2\" content=\"5 minutes\" \/>\n<script type=\"application\/ld+json\" class=\"yoast-schema-graph\">{\"@context\":\"https:\\\/\\\/schema.org\",\"@graph\":[{\"@type\":\"Article\",\"@id\":\"https:\\\/\\\/thefeminismproject.com\\\/fr\\\/en-vedette\\\/que-pensent-les-feministes-des-traps-culture-urbaine-et-genre\\\/#article\",\"isPartOf\":{\"@id\":\"https:\\\/\\\/thefeminismproject.com\\\/fr\\\/en-vedette\\\/que-pensent-les-feministes-des-traps-culture-urbaine-et-genre\\\/\"},\"author\":{\"name\":\"Joaquimma Anna\",\"@id\":\"https:\\\/\\\/thefeminismproject.com\\\/fr\\\/#\\\/schema\\\/person\\\/d2d84f0918ac04ca2b9f5b912890ad51\"},\"headline\":\"Que pensent les f\u00e9ministes des traps ? Culture urbaine et genre\",\"datePublished\":\"2025-04-13T19:49:17+00:00\",\"mainEntityOfPage\":{\"@id\":\"https:\\\/\\\/thefeminismproject.com\\\/fr\\\/en-vedette\\\/que-pensent-les-feministes-des-traps-culture-urbaine-et-genre\\\/\"},\"wordCount\":952,\"commentCount\":0,\"publisher\":{\"@id\":\"https:\\\/\\\/thefeminismproject.com\\\/fr\\\/#organization\"},\"image\":{\"@id\":\"https:\\\/\\\/thefeminismproject.com\\\/fr\\\/en-vedette\\\/que-pensent-les-feministes-des-traps-culture-urbaine-et-genre\\\/#primaryimage\"},\"thumbnailUrl\":\"https:\\\/\\\/thefeminismproject.com\\\/wp-content\\\/uploads\\\/2025\\\/04\\\/capture-d-cran-2021-03-04-17-10-28_2_1200.jpg\",\"articleSection\":[\"En vedette\"],\"inLanguage\":\"fr-FR\",\"potentialAction\":[{\"@type\":\"CommentAction\",\"name\":\"Comment\",\"target\":[\"https:\\\/\\\/thefeminismproject.com\\\/fr\\\/en-vedette\\\/que-pensent-les-feministes-des-traps-culture-urbaine-et-genre\\\/#respond\"]}]},{\"@type\":\"WebPage\",\"@id\":\"https:\\\/\\\/thefeminismproject.com\\\/fr\\\/en-vedette\\\/que-pensent-les-feministes-des-traps-culture-urbaine-et-genre\\\/\",\"url\":\"https:\\\/\\\/thefeminismproject.com\\\/fr\\\/en-vedette\\\/que-pensent-les-feministes-des-traps-culture-urbaine-et-genre\\\/\",\"name\":\"Que pensent les f\u00e9ministes des traps ? Culture urbaine et genre\",\"isPartOf\":{\"@id\":\"https:\\\/\\\/thefeminismproject.com\\\/fr\\\/#website\"},\"primaryImageOfPage\":{\"@id\":\"https:\\\/\\\/thefeminismproject.com\\\/fr\\\/en-vedette\\\/que-pensent-les-feministes-des-traps-culture-urbaine-et-genre\\\/#primaryimage\"},\"image\":{\"@id\":\"https:\\\/\\\/thefeminismproject.com\\\/fr\\\/en-vedette\\\/que-pensent-les-feministes-des-traps-culture-urbaine-et-genre\\\/#primaryimage\"},\"thumbnailUrl\":\"https:\\\/\\\/thefeminismproject.com\\\/wp-content\\\/uploads\\\/2025\\\/04\\\/capture-d-cran-2021-03-04-17-10-28_2_1200.jpg\",\"datePublished\":\"2025-04-13T19:49:17+00:00\",\"description\":\"Dans le panorama vibrant et complexe de la culture urbaine contemporaine, les traps, un ph\u00e9nom\u00e8ne alliant musique, mode et identit\u00e9 de genre, suscitent\",\"breadcrumb\":{\"@id\":\"https:\\\/\\\/thefeminismproject.com\\\/fr\\\/en-vedette\\\/que-pensent-les-feministes-des-traps-culture-urbaine-et-genre\\\/#breadcrumb\"},\"inLanguage\":\"fr-FR\",\"potentialAction\":[{\"@type\":\"ReadAction\",\"target\":[\"https:\\\/\\\/thefeminismproject.com\\\/fr\\\/en-vedette\\\/que-pensent-les-feministes-des-traps-culture-urbaine-et-genre\\\/\"]}]},{\"@type\":\"ImageObject\",\"inLanguage\":\"fr-FR\",\"@id\":\"https:\\\/\\\/thefeminismproject.com\\\/fr\\\/en-vedette\\\/que-pensent-les-feministes-des-traps-culture-urbaine-et-genre\\\/#primaryimage\",\"url\":\"https:\\\/\\\/thefeminismproject.com\\\/wp-content\\\/uploads\\\/2025\\\/04\\\/capture-d-cran-2021-03-04-17-10-28_2_1200.jpg\",\"contentUrl\":\"https:\\\/\\\/thefeminismproject.com\\\/wp-content\\\/uploads\\\/2025\\\/04\\\/capture-d-cran-2021-03-04-17-10-28_2_1200.jpg\",\"width\":1200,\"height\":675},{\"@type\":\"BreadcrumbList\",\"@id\":\"https:\\\/\\\/thefeminismproject.com\\\/fr\\\/en-vedette\\\/que-pensent-les-feministes-des-traps-culture-urbaine-et-genre\\\/#breadcrumb\",\"itemListElement\":[{\"@type\":\"ListItem\",\"position\":1,\"name\":\"Home\",\"item\":\"https:\\\/\\\/thefeminismproject.com\\\/fr\\\/accueil\\\/\"},{\"@type\":\"ListItem\",\"position\":2,\"name\":\"Que pensent les f\u00e9ministes des traps ? Culture urbaine et genre\"}]},{\"@type\":\"WebSite\",\"@id\":\"https:\\\/\\\/thefeminismproject.com\\\/fr\\\/#website\",\"url\":\"https:\\\/\\\/thefeminismproject.com\\\/fr\\\/\",\"name\":\"thefeminismproject.com\",\"description\":\"Popular culture with a feminist twist | let&#039;s talk about things that matter (news that feels right)\",\"publisher\":{\"@id\":\"https:\\\/\\\/thefeminismproject.com\\\/fr\\\/#organization\"},\"potentialAction\":[{\"@type\":\"SearchAction\",\"target\":{\"@type\":\"EntryPoint\",\"urlTemplate\":\"https:\\\/\\\/thefeminismproject.com\\\/fr\\\/?s={search_term_string}\"},\"query-input\":{\"@type\":\"PropertyValueSpecification\",\"valueRequired\":true,\"valueName\":\"search_term_string\"}}],\"inLanguage\":\"fr-FR\"},{\"@type\":\"Organization\",\"@id\":\"https:\\\/\\\/thefeminismproject.com\\\/fr\\\/#organization\",\"name\":\"thefeminismproject.com\",\"url\":\"https:\\\/\\\/thefeminismproject.com\\\/fr\\\/\",\"logo\":{\"@type\":\"ImageObject\",\"inLanguage\":\"fr-FR\",\"@id\":\"https:\\\/\\\/thefeminismproject.com\\\/fr\\\/#\\\/schema\\\/logo\\\/image\\\/\",\"url\":\"https:\\\/\\\/thefeminismproject.com\\\/wp-content\\\/uploads\\\/2024\\\/10\\\/pexels-vazhnik-7561648.jpg\",\"contentUrl\":\"https:\\\/\\\/thefeminismproject.com\\\/wp-content\\\/uploads\\\/2024\\\/10\\\/pexels-vazhnik-7561648.jpg\",\"width\":2500,\"height\":1667,\"caption\":\"thefeminismproject.com\"},\"image\":{\"@id\":\"https:\\\/\\\/thefeminismproject.com\\\/fr\\\/#\\\/schema\\\/logo\\\/image\\\/\"}},{\"@type\":\"Person\",\"@id\":\"https:\\\/\\\/thefeminismproject.com\\\/fr\\\/#\\\/schema\\\/person\\\/d2d84f0918ac04ca2b9f5b912890ad51\",\"name\":\"Joaquimma Anna\",\"image\":{\"@type\":\"ImageObject\",\"inLanguage\":\"fr-FR\",\"@id\":\"https:\\\/\\\/secure.gravatar.com\\\/avatar\\\/7d06747db1565e73d68391d596fc2eb15a10a4b4c1864574c454435523af94f1?s=96&d=mm&r=g\",\"url\":\"https:\\\/\\\/secure.gravatar.com\\\/avatar\\\/7d06747db1565e73d68391d596fc2eb15a10a4b4c1864574c454435523af94f1?s=96&d=mm&r=g\",\"contentUrl\":\"https:\\\/\\\/secure.gravatar.com\\\/avatar\\\/7d06747db1565e73d68391d596fc2eb15a10a4b4c1864574c454435523af94f1?s=96&d=mm&r=g\",\"caption\":\"Joaquimma Anna\"},\"description\":\"Hi my name Joaquimma Anna, and let's tumble down the rabbit hole of thought! At thefeminismproject.com, this blog is a whimsical carnival of ideas. As a mischievous feminism activist, I'm here to juggle the narratives of women. This project? A delightful escapade into the absurdities and splendors of our world. Expect the unexpected!\",\"sameAs\":[\"http:\\\/\\\/thefeminismproject.com\"],\"url\":\"https:\\\/\\\/thefeminismproject.com\\\/fr\\\/author\\\/bella-sungkawa\\\/\"}]}<\/script>\n<!-- \/ Yoast SEO plugin. -->","yoast_head_json":{"title":"Que pensent les f\u00e9ministes des traps ? Culture urbaine et genre","description":"Dans le panorama vibrant et complexe de la culture urbaine contemporaine, les traps, un ph\u00e9nom\u00e8ne alliant musique, mode et identit\u00e9 de genre, suscitent","robots":{"index":"index","follow":"follow","max-snippet":"max-snippet:-1","max-image-preview":"max-image-preview:large","max-video-preview":"max-video-preview:-1"},"canonical":"https:\/\/thefeminismproject.com\/fr\/en-vedette\/que-pensent-les-feministes-des-traps-culture-urbaine-et-genre\/","og_locale":"fr_FR","og_type":"article","og_title":"Que pensent les f\u00e9ministes des traps ? Culture urbaine et genre","og_description":"Dans le panorama vibrant et complexe de la culture urbaine contemporaine, les traps, un ph\u00e9nom\u00e8ne alliant musique, mode et identit\u00e9 de genre, suscitent","og_url":"https:\/\/thefeminismproject.com\/fr\/en-vedette\/que-pensent-les-feministes-des-traps-culture-urbaine-et-genre\/","og_site_name":"thefeminismproject.com","article_published_time":"2025-04-13T19:49:17+00:00","og_image":[{"width":1200,"height":675,"url":"https:\/\/thefeminismproject.com\/wp-content\/uploads\/2025\/04\/capture-d-cran-2021-03-04-17-10-28_2_1200.jpg","type":"image\/jpeg"}],"author":"Joaquimma Anna","twitter_card":"summary_large_image","twitter_misc":{"\u00c9crit par":"Joaquimma Anna","Dur\u00e9e de lecture estim\u00e9e":"5 minutes"},"schema":{"@context":"https:\/\/schema.org","@graph":[{"@type":"Article","@id":"https:\/\/thefeminismproject.com\/fr\/en-vedette\/que-pensent-les-feministes-des-traps-culture-urbaine-et-genre\/#article","isPartOf":{"@id":"https:\/\/thefeminismproject.com\/fr\/en-vedette\/que-pensent-les-feministes-des-traps-culture-urbaine-et-genre\/"},"author":{"name":"Joaquimma Anna","@id":"https:\/\/thefeminismproject.com\/fr\/#\/schema\/person\/d2d84f0918ac04ca2b9f5b912890ad51"},"headline":"Que pensent les f\u00e9ministes des traps ? Culture urbaine et genre","datePublished":"2025-04-13T19:49:17+00:00","mainEntityOfPage":{"@id":"https:\/\/thefeminismproject.com\/fr\/en-vedette\/que-pensent-les-feministes-des-traps-culture-urbaine-et-genre\/"},"wordCount":952,"commentCount":0,"publisher":{"@id":"https:\/\/thefeminismproject.com\/fr\/#organization"},"image":{"@id":"https:\/\/thefeminismproject.com\/fr\/en-vedette\/que-pensent-les-feministes-des-traps-culture-urbaine-et-genre\/#primaryimage"},"thumbnailUrl":"https:\/\/thefeminismproject.com\/wp-content\/uploads\/2025\/04\/capture-d-cran-2021-03-04-17-10-28_2_1200.jpg","articleSection":["En vedette"],"inLanguage":"fr-FR","potentialAction":[{"@type":"CommentAction","name":"Comment","target":["https:\/\/thefeminismproject.com\/fr\/en-vedette\/que-pensent-les-feministes-des-traps-culture-urbaine-et-genre\/#respond"]}]},{"@type":"WebPage","@id":"https:\/\/thefeminismproject.com\/fr\/en-vedette\/que-pensent-les-feministes-des-traps-culture-urbaine-et-genre\/","url":"https:\/\/thefeminismproject.com\/fr\/en-vedette\/que-pensent-les-feministes-des-traps-culture-urbaine-et-genre\/","name":"Que pensent les f\u00e9ministes des traps ? Culture urbaine et genre","isPartOf":{"@id":"https:\/\/thefeminismproject.com\/fr\/#website"},"primaryImageOfPage":{"@id":"https:\/\/thefeminismproject.com\/fr\/en-vedette\/que-pensent-les-feministes-des-traps-culture-urbaine-et-genre\/#primaryimage"},"image":{"@id":"https:\/\/thefeminismproject.com\/fr\/en-vedette\/que-pensent-les-feministes-des-traps-culture-urbaine-et-genre\/#primaryimage"},"thumbnailUrl":"https:\/\/thefeminismproject.com\/wp-content\/uploads\/2025\/04\/capture-d-cran-2021-03-04-17-10-28_2_1200.jpg","datePublished":"2025-04-13T19:49:17+00:00","description":"Dans le panorama vibrant et complexe de la culture urbaine contemporaine, les traps, un ph\u00e9nom\u00e8ne alliant musique, mode et identit\u00e9 de genre, suscitent","breadcrumb":{"@id":"https:\/\/thefeminismproject.com\/fr\/en-vedette\/que-pensent-les-feministes-des-traps-culture-urbaine-et-genre\/#breadcrumb"},"inLanguage":"fr-FR","potentialAction":[{"@type":"ReadAction","target":["https:\/\/thefeminismproject.com\/fr\/en-vedette\/que-pensent-les-feministes-des-traps-culture-urbaine-et-genre\/"]}]},{"@type":"ImageObject","inLanguage":"fr-FR","@id":"https:\/\/thefeminismproject.com\/fr\/en-vedette\/que-pensent-les-feministes-des-traps-culture-urbaine-et-genre\/#primaryimage","url":"https:\/\/thefeminismproject.com\/wp-content\/uploads\/2025\/04\/capture-d-cran-2021-03-04-17-10-28_2_1200.jpg","contentUrl":"https:\/\/thefeminismproject.com\/wp-content\/uploads\/2025\/04\/capture-d-cran-2021-03-04-17-10-28_2_1200.jpg","width":1200,"height":675},{"@type":"BreadcrumbList","@id":"https:\/\/thefeminismproject.com\/fr\/en-vedette\/que-pensent-les-feministes-des-traps-culture-urbaine-et-genre\/#breadcrumb","itemListElement":[{"@type":"ListItem","position":1,"name":"Home","item":"https:\/\/thefeminismproject.com\/fr\/accueil\/"},{"@type":"ListItem","position":2,"name":"Que pensent les f\u00e9ministes des traps ? Culture urbaine et genre"}]},{"@type":"WebSite","@id":"https:\/\/thefeminismproject.com\/fr\/#website","url":"https:\/\/thefeminismproject.com\/fr\/","name":"thefeminismproject.com","description":"Popular culture with a feminist twist | let&#039;s talk about things that matter (news that feels right)","publisher":{"@id":"https:\/\/thefeminismproject.com\/fr\/#organization"},"potentialAction":[{"@type":"SearchAction","target":{"@type":"EntryPoint","urlTemplate":"https:\/\/thefeminismproject.com\/fr\/?s={search_term_string}"},"query-input":{"@type":"PropertyValueSpecification","valueRequired":true,"valueName":"search_term_string"}}],"inLanguage":"fr-FR"},{"@type":"Organization","@id":"https:\/\/thefeminismproject.com\/fr\/#organization","name":"thefeminismproject.com","url":"https:\/\/thefeminismproject.com\/fr\/","logo":{"@type":"ImageObject","inLanguage":"fr-FR","@id":"https:\/\/thefeminismproject.com\/fr\/#\/schema\/logo\/image\/","url":"https:\/\/thefeminismproject.com\/wp-content\/uploads\/2024\/10\/pexels-vazhnik-7561648.jpg","contentUrl":"https:\/\/thefeminismproject.com\/wp-content\/uploads\/2024\/10\/pexels-vazhnik-7561648.jpg","width":2500,"height":1667,"caption":"thefeminismproject.com"},"image":{"@id":"https:\/\/thefeminismproject.com\/fr\/#\/schema\/logo\/image\/"}},{"@type":"Person","@id":"https:\/\/thefeminismproject.com\/fr\/#\/schema\/person\/d2d84f0918ac04ca2b9f5b912890ad51","name":"Joaquimma Anna","image":{"@type":"ImageObject","inLanguage":"fr-FR","@id":"https:\/\/secure.gravatar.com\/avatar\/7d06747db1565e73d68391d596fc2eb15a10a4b4c1864574c454435523af94f1?s=96&d=mm&r=g","url":"https:\/\/secure.gravatar.com\/avatar\/7d06747db1565e73d68391d596fc2eb15a10a4b4c1864574c454435523af94f1?s=96&d=mm&r=g","contentUrl":"https:\/\/secure.gravatar.com\/avatar\/7d06747db1565e73d68391d596fc2eb15a10a4b4c1864574c454435523af94f1?s=96&d=mm&r=g","caption":"Joaquimma Anna"},"description":"Hi my name Joaquimma Anna, and let's tumble down the rabbit hole of thought! At thefeminismproject.com, this blog is a whimsical carnival of ideas. As a mischievous feminism activist, I'm here to juggle the narratives of women. This project? A delightful escapade into the absurdities and splendors of our world. Expect the unexpected!","sameAs":["http:\/\/thefeminismproject.com"],"url":"https:\/\/thefeminismproject.com\/fr\/author\/bella-sungkawa\/"}]}},"_links":{"self":[{"href":"https:\/\/thefeminismproject.com\/fr\/wp-json\/wp\/v2\/posts\/1041149","targetHints":{"allow":["GET"]}}],"collection":[{"href":"https:\/\/thefeminismproject.com\/fr\/wp-json\/wp\/v2\/posts"}],"about":[{"href":"https:\/\/thefeminismproject.com\/fr\/wp-json\/wp\/v2\/types\/post"}],"author":[{"embeddable":true,"href":"https:\/\/thefeminismproject.com\/fr\/wp-json\/wp\/v2\/users\/1"}],"replies":[{"embeddable":true,"href":"https:\/\/thefeminismproject.com\/fr\/wp-json\/wp\/v2\/comments?post=1041149"}],"version-history":[{"count":0,"href":"https:\/\/thefeminismproject.com\/fr\/wp-json\/wp\/v2\/posts\/1041149\/revisions"}],"wp:featuredmedia":[{"embeddable":true,"href":"https:\/\/thefeminismproject.com\/fr\/wp-json\/wp\/v2\/media\/1041150"}],"wp:attachment":[{"href":"https:\/\/thefeminismproject.com\/fr\/wp-json\/wp\/v2\/media?parent=1041149"}],"wp:term":[{"taxonomy":"category","embeddable":true,"href":"https:\/\/thefeminismproject.com\/fr\/wp-json\/wp\/v2\/categories?post=1041149"},{"taxonomy":"post_tag","embeddable":true,"href":"https:\/\/thefeminismproject.com\/fr\/wp-json\/wp\/v2\/tags?post=1041149"}],"curies":[{"name":"wp","href":"https:\/\/api.w.org\/{rel}","templated":true}]}}