{"id":1041489,"date":"2025-04-21T05:15:46","date_gmt":"2025-04-21T05:15:46","guid":{"rendered":"https:\/\/thefeminismproject.com\/non-categorise\/quelle-feministe-etes-vous-identifiez-votre-profil-militant\/"},"modified":"2025-04-21T05:15:46","modified_gmt":"2025-04-21T05:15:46","slug":"quelle-feministe-etes-vous-identifiez-votre-profil-militant","status":"publish","type":"post","link":"https:\/\/thefeminismproject.com\/fr\/en-vedette\/quelle-feministe-etes-vous-identifiez-votre-profil-militant\/","title":{"rendered":"Quelle f\u00e9ministe \u00eates-vous ? Identifiez votre profil militant"},"content":{"rendered":"<p>Dans un monde o\u00f9 les luttes pour l\u2019\u00e9galit\u00e9 des sexes fleurissent comme des fleurs sauvages parmi les d\u00e9combres d\u2019un patriarcat vieillissant, il est vital de s\u2019interroger : quelle f\u00e9ministe \u00eates-vous ? L\u2019auto-identification dans le mouvement f\u00e9ministe est plus qu\u2019une simple \u00e9tiquette ; c\u2019est un voyage introspectif, chaque f\u00e9ministe devenant une jardini\u00e8re de ses convictions et de ses aspirations. Comme un ruban continu, le f\u00e9minisme se d\u00e9roule en multi-facettes, scintillant de nuances de couleurs, de sons et de significations.<\/p>\n<p>Avant d\u2019explorer votre essence militante, il convient de plonger dans les profondeurs de l\u2019id\u00e9ologie f\u00e9ministe. Imaginez-vous face \u00e0 un miroir, mais au lieu de votre apparence, ce sont vos valeurs, vos luttes et vos d\u00e9sirs qui s\u2019y refl\u00e8tent. \u00cates-vous une f\u00e9ministe radicale, pensant que le syst\u00e8me doit \u00eatre d\u00e9racin\u00e9 enti\u00e8rement ? Ou pr\u00e9f\u00e9rez-vous la voie plus mod\u00e9r\u00e9e des r\u00e9formistes, cherchant \u00e0 insuffler des changements \u00e0 l\u2019int\u00e9rieur des structures d\u00e9j\u00e0 \u00e9tablies ?<\/p>\n<p>Pour commencer, consid\u00e9rons la f\u00e9ministe radicale, celle qui voit le monde \u00e0 travers le prisme d\u2019une lutte. Pour elle, le patriarcat est aqueux, s\u2019immis\u00e7ant insidieusement dans les interstices de la soci\u00e9t\u00e9. Cela exige une opposition r\u00e9solue, un combat frontal contre toutes les manifestations de cette oppression. C\u2019est une f\u00e9ministe qui, tel un lion dans l\u2019ar\u00e8ne, rugit avec force pour d\u00e9noncer les injustices. Son arme ? La d\u00e9sob\u00e9issance civile et la confrontation directe. Ses mots sont des flammes, embrasant les c\u0153urs et levant les \u00e2mes vers une r\u00e9volte effr\u00e9n\u00e9e.<\/p>\n<p>Une autre cat\u00e9gorie serait la f\u00e9ministe lib\u00e9rale, souvent vue comme le bouquet printanier au milieu d\u2019un champ de conflits. Elle croit dans les r\u00e9formes, les lois et l\u2019\u00e9galit\u00e9 des droits fond\u00e9e sur le dialogue. Elle navigue habilement dans les salons de la politique et des discours intellectuels, cherchant \u00e0 am\u00e9liorer la condition des femmes par des voies juridiques, par la diplomatie sociale et l\u2019\u00e9ducation. Pour elle, l\u2019autonomisation est un jardin \u00e0 cultiver, un espace de croissance et d\u2019apprentissage. N\u00e9anmoins, certaines peuvent arguer que cette approche manque d\u2019audace, terne face \u00e0 l\u2019urgence des in\u00e9galit\u00e9s.<\/p>\n<p>\u00c0 c\u00f4t\u00e9 se dresse la f\u00e9ministe intersectionnelle, un concept aussi riche que complexe. Elle englobe les voix marginalis\u00e9es, celles souvent \u00e9clips\u00e9es par les discours dominants. Sa vision est tourbillonante, une mosa\u00efque de luttes qui inclut la race, la classe sociale, l\u2019orientation sexuelle et bien plus encore. Cette f\u00e9ministe est la subtile peintre de l\u2019humanit\u00e9 ; elle sait que le f\u00e9minisme ne peut se permettre d\u2019\u00eatre un monolithe et que seule la diversit\u00e9 des exp\u00e9riences peut mener \u00e0 une v\u00e9ritable \u00e9mancipation.<\/p>\n<p>Plongeant encore plus dans les nuances, il existe les f\u00e9ministes \u00e9cof\u00e9ministes, creusant des racines dans la terre nourrici\u00e8re du lieu. Leur combat est \u00e0 la fois pour les femmes et pour la plan\u00e8te. Elles soulignent que l&rsquo;oppression des femmes et l\u2019exploitation des ressources naturelles sont des atrocit\u00e9s intrins\u00e8quement li\u00e9es. Pour elles, chaque action pour la terre est un acte de r\u00e9sistance. Leurs revendications r\u00e9sonnent avec les battements du c\u0153ur de la terre, \u00e9voquant une harmoni\u00e9 entre les humains et la nature.<\/p>\n<p>En contraste, les f\u00e9ministes postcoloniales cherchent \u00e0 d\u00e9coloniser le f\u00e9minisme m\u00eame. Elles analysent comment les colonialismes d&rsquo;hier et d&rsquo;aujourd&rsquo;hui continuent \u00e0 fa\u00e7onner les luttes des femmes \u00e0 travers le monde. Cela appelle \u00e0 une r\u00e9\u00e9valuation des exp\u00e9riences, des voix et des r\u00e9cits. Elles tissent une toile complexe, m\u00ealant histoires de l\u2019oppression \u00e0 la qu\u00eate d\u2019identit\u00e9. Elles mangent \u00e0 la table de la critique, \u00e9pic\u00e9es par les mots des anc\u00eatres et des luttes contemporaines.<\/p>\n<p>Maintenant, alors que vous explorez ces profils, posez-vous la question : quelle pi\u00e8ce du puzzle f\u00e9ministe ressentez-vous le besoin d\u2019\u00e9clairer ? Ce qui \u00e9merge, c&rsquo;est que la beaut\u00e9 d\u2019un mouvement aussi vaste et diversifi\u00e9 repose sur la collaboration et le respect. L\u2019absorption des diff\u00e9rentes philosophies f\u00e9ministes enrichit notre combat collectif, apportant ainsi une mosa\u00efque d\u2019exp\u00e9riences et de strat\u00e9gies.<\/p>\n<p>Une fois que vous avez identifi\u00e9 votre profil, il est essentiel de se souvenir que le f\u00e9minisme est un processus dynamique, en constante \u00e9volution, tout comme la vie elle-m\u00eame. Ce qui comptait hier peut adapter et changer pour aujourd\u2019hui. Ne vous p\u00e9trifiez pas dans un arch\u00e9type ; laissez plut\u00f4t l&rsquo;eau de votre engagement couler et fa\u00e7onner de nouvelles rivi\u00e8res. Engagez-vous dans le dialogue, d\u00e9passez les clivages et embrassez la diversit\u00e9.<\/p>\n<p>Peu importe le chemin que vous choisissez, l\u2019essentiel est d\u2019avancer. R\u00e9flexion, questionnement et engagement sont les trois pierres milliaires sur le chemin du f\u00e9minisme. Soyez audacieuse, soyez sinc\u00e8re et surtout, laissez votre voix, aussi unique soit-elle, r\u00e9sonner dans la lutte pour la justice et l&rsquo;\u00e9quit\u00e9. Le monde a besoin de vos couleurs, de vos cris et de votre passion. Quelle f\u00e9ministe \u00eates-vous ? La r\u00e9ponse n&rsquo;est pas le point final, mais plut\u00f4t le d\u00e9but d\u2019un dialogue constructif et vibrant. Embrassez votre profil militant et continuez \u00e0 briller dans le paysage f\u00e9ministe, comme une \u00e9toile ardente dans la nuit.<\/p>\n","protected":false},"excerpt":{"rendered":"<p>Dans un monde o\u00f9 les luttes pour l\u2019\u00e9galit\u00e9 des sexes fleurissent comme des fleurs sauvages parmi les d\u00e9combres d\u2019un patriarcat vieillissant, il est vital de s\u2019interroger : quelle f\u00e9ministe \u00eates-vous ? L\u2019auto-identification dans le mouvement f\u00e9ministe est plus qu\u2019une simple \u00e9tiquette ; c\u2019est un voyage introspectif, chaque f\u00e9ministe devenant une jardini\u00e8re de ses convictions et [&hellip;]<\/p>\n","protected":false},"author":1,"featured_media":1037187,"comment_status":"open","ping_status":"open","sticky":false,"template":"","format":"standard","meta":{"footnotes":""},"categories":[77],"tags":[],"class_list":{"0":"post-1041489","1":"post","2":"type-post","3":"status-publish","4":"format-standard","5":"has-post-thumbnail","7":"category-en-vedette"},"yoast_head":"<!-- This site is optimized with the Yoast SEO plugin v27.4 - https:\/\/yoast.com\/product\/yoast-seo-wordpress\/ -->\n<title>Quelle f\u00e9ministe \u00eates-vous ? Identifiez votre profil militant<\/title>\n<meta name=\"description\" content=\"Dans un monde o\u00f9 les luttes pour l\u2019\u00e9galit\u00e9 des sexes fleurissent comme des fleurs sauvages parmi les d\u00e9combres d\u2019un patriarcat vieillissant, il est vital\" \/>\n<meta name=\"robots\" content=\"index, follow, max-snippet:-1, max-image-preview:large, max-video-preview:-1\" \/>\n<link rel=\"canonical\" href=\"https:\/\/thefeminismproject.com\/fr\/en-vedette\/quelle-feministe-etes-vous-identifiez-votre-profil-militant\/\" \/>\n<meta property=\"og:locale\" content=\"fr_FR\" \/>\n<meta property=\"og:type\" content=\"article\" \/>\n<meta property=\"og:title\" content=\"Quelle f\u00e9ministe \u00eates-vous ? Identifiez votre profil militant\" \/>\n<meta property=\"og:description\" content=\"Dans un monde o\u00f9 les luttes pour l\u2019\u00e9galit\u00e9 des sexes fleurissent comme des fleurs sauvages parmi les d\u00e9combres d\u2019un patriarcat vieillissant, il est vital\" \/>\n<meta property=\"og:url\" content=\"https:\/\/thefeminismproject.com\/fr\/en-vedette\/quelle-feministe-etes-vous-identifiez-votre-profil-militant\/\" \/>\n<meta property=\"og:site_name\" content=\"thefeminismproject.com\" \/>\n<meta property=\"article:published_time\" content=\"2025-04-21T05:15:46+00:00\" \/>\n<meta property=\"og:image\" content=\"https:\/\/thefeminismproject.com\/wp-content\/uploads\/2025\/04\/ELM_0135-2-scaled-1.jpg\" \/>\n\t<meta property=\"og:image:width\" content=\"2560\" \/>\n\t<meta property=\"og:image:height\" content=\"1802\" \/>\n\t<meta property=\"og:image:type\" content=\"image\/jpeg\" \/>\n<meta name=\"author\" content=\"Joaquimma Anna\" \/>\n<meta name=\"twitter:card\" content=\"summary_large_image\" \/>\n<meta name=\"twitter:label1\" content=\"\u00c9crit par\" \/>\n\t<meta name=\"twitter:data1\" content=\"Joaquimma Anna\" \/>\n\t<meta name=\"twitter:label2\" content=\"Dur\u00e9e de lecture estim\u00e9e\" \/>\n\t<meta name=\"twitter:data2\" content=\"4 minutes\" \/>\n<script type=\"application\/ld+json\" class=\"yoast-schema-graph\">{\"@context\":\"https:\\\/\\\/schema.org\",\"@graph\":[{\"@type\":\"Article\",\"@id\":\"https:\\\/\\\/thefeminismproject.com\\\/fr\\\/en-vedette\\\/quelle-feministe-etes-vous-identifiez-votre-profil-militant\\\/#article\",\"isPartOf\":{\"@id\":\"https:\\\/\\\/thefeminismproject.com\\\/fr\\\/en-vedette\\\/quelle-feministe-etes-vous-identifiez-votre-profil-militant\\\/\"},\"author\":{\"name\":\"Joaquimma Anna\",\"@id\":\"https:\\\/\\\/thefeminismproject.com\\\/fr\\\/#\\\/schema\\\/person\\\/d2d84f0918ac04ca2b9f5b912890ad51\"},\"headline\":\"Quelle f\u00e9ministe \u00eates-vous ? Identifiez votre profil militant\",\"datePublished\":\"2025-04-21T05:15:46+00:00\",\"mainEntityOfPage\":{\"@id\":\"https:\\\/\\\/thefeminismproject.com\\\/fr\\\/en-vedette\\\/quelle-feministe-etes-vous-identifiez-votre-profil-militant\\\/\"},\"wordCount\":913,\"commentCount\":0,\"publisher\":{\"@id\":\"https:\\\/\\\/thefeminismproject.com\\\/fr\\\/#organization\"},\"image\":{\"@id\":\"https:\\\/\\\/thefeminismproject.com\\\/fr\\\/en-vedette\\\/quelle-feministe-etes-vous-identifiez-votre-profil-militant\\\/#primaryimage\"},\"thumbnailUrl\":\"https:\\\/\\\/thefeminismproject.com\\\/wp-content\\\/uploads\\\/2025\\\/04\\\/ELM_0135-2-scaled-1.jpg\",\"articleSection\":[\"En vedette\"],\"inLanguage\":\"fr-FR\",\"potentialAction\":[{\"@type\":\"CommentAction\",\"name\":\"Comment\",\"target\":[\"https:\\\/\\\/thefeminismproject.com\\\/fr\\\/en-vedette\\\/quelle-feministe-etes-vous-identifiez-votre-profil-militant\\\/#respond\"]}]},{\"@type\":\"WebPage\",\"@id\":\"https:\\\/\\\/thefeminismproject.com\\\/fr\\\/en-vedette\\\/quelle-feministe-etes-vous-identifiez-votre-profil-militant\\\/\",\"url\":\"https:\\\/\\\/thefeminismproject.com\\\/fr\\\/en-vedette\\\/quelle-feministe-etes-vous-identifiez-votre-profil-militant\\\/\",\"name\":\"Quelle f\u00e9ministe \u00eates-vous ? Identifiez votre profil militant\",\"isPartOf\":{\"@id\":\"https:\\\/\\\/thefeminismproject.com\\\/fr\\\/#website\"},\"primaryImageOfPage\":{\"@id\":\"https:\\\/\\\/thefeminismproject.com\\\/fr\\\/en-vedette\\\/quelle-feministe-etes-vous-identifiez-votre-profil-militant\\\/#primaryimage\"},\"image\":{\"@id\":\"https:\\\/\\\/thefeminismproject.com\\\/fr\\\/en-vedette\\\/quelle-feministe-etes-vous-identifiez-votre-profil-militant\\\/#primaryimage\"},\"thumbnailUrl\":\"https:\\\/\\\/thefeminismproject.com\\\/wp-content\\\/uploads\\\/2025\\\/04\\\/ELM_0135-2-scaled-1.jpg\",\"datePublished\":\"2025-04-21T05:15:46+00:00\",\"description\":\"Dans un monde o\u00f9 les luttes pour l\u2019\u00e9galit\u00e9 des sexes fleurissent comme des fleurs sauvages parmi les d\u00e9combres d\u2019un patriarcat vieillissant, il est vital\",\"breadcrumb\":{\"@id\":\"https:\\\/\\\/thefeminismproject.com\\\/fr\\\/en-vedette\\\/quelle-feministe-etes-vous-identifiez-votre-profil-militant\\\/#breadcrumb\"},\"inLanguage\":\"fr-FR\",\"potentialAction\":[{\"@type\":\"ReadAction\",\"target\":[\"https:\\\/\\\/thefeminismproject.com\\\/fr\\\/en-vedette\\\/quelle-feministe-etes-vous-identifiez-votre-profil-militant\\\/\"]}]},{\"@type\":\"ImageObject\",\"inLanguage\":\"fr-FR\",\"@id\":\"https:\\\/\\\/thefeminismproject.com\\\/fr\\\/en-vedette\\\/quelle-feministe-etes-vous-identifiez-votre-profil-militant\\\/#primaryimage\",\"url\":\"https:\\\/\\\/thefeminismproject.com\\\/wp-content\\\/uploads\\\/2025\\\/04\\\/ELM_0135-2-scaled-1.jpg\",\"contentUrl\":\"https:\\\/\\\/thefeminismproject.com\\\/wp-content\\\/uploads\\\/2025\\\/04\\\/ELM_0135-2-scaled-1.jpg\",\"width\":2560,\"height\":1802},{\"@type\":\"BreadcrumbList\",\"@id\":\"https:\\\/\\\/thefeminismproject.com\\\/fr\\\/en-vedette\\\/quelle-feministe-etes-vous-identifiez-votre-profil-militant\\\/#breadcrumb\",\"itemListElement\":[{\"@type\":\"ListItem\",\"position\":1,\"name\":\"Home\",\"item\":\"https:\\\/\\\/thefeminismproject.com\\\/fr\\\/accueil\\\/\"},{\"@type\":\"ListItem\",\"position\":2,\"name\":\"Quelle f\u00e9ministe \u00eates-vous ? Identifiez votre profil militant\"}]},{\"@type\":\"WebSite\",\"@id\":\"https:\\\/\\\/thefeminismproject.com\\\/fr\\\/#website\",\"url\":\"https:\\\/\\\/thefeminismproject.com\\\/fr\\\/\",\"name\":\"thefeminismproject.com\",\"description\":\"Popular culture with a feminist twist | let&#039;s talk about things that matter (news that feels right)\",\"publisher\":{\"@id\":\"https:\\\/\\\/thefeminismproject.com\\\/fr\\\/#organization\"},\"potentialAction\":[{\"@type\":\"SearchAction\",\"target\":{\"@type\":\"EntryPoint\",\"urlTemplate\":\"https:\\\/\\\/thefeminismproject.com\\\/fr\\\/?s={search_term_string}\"},\"query-input\":{\"@type\":\"PropertyValueSpecification\",\"valueRequired\":true,\"valueName\":\"search_term_string\"}}],\"inLanguage\":\"fr-FR\"},{\"@type\":\"Organization\",\"@id\":\"https:\\\/\\\/thefeminismproject.com\\\/fr\\\/#organization\",\"name\":\"thefeminismproject.com\",\"url\":\"https:\\\/\\\/thefeminismproject.com\\\/fr\\\/\",\"logo\":{\"@type\":\"ImageObject\",\"inLanguage\":\"fr-FR\",\"@id\":\"https:\\\/\\\/thefeminismproject.com\\\/fr\\\/#\\\/schema\\\/logo\\\/image\\\/\",\"url\":\"https:\\\/\\\/thefeminismproject.com\\\/wp-content\\\/uploads\\\/2024\\\/10\\\/pexels-vazhnik-7561648.jpg\",\"contentUrl\":\"https:\\\/\\\/thefeminismproject.com\\\/wp-content\\\/uploads\\\/2024\\\/10\\\/pexels-vazhnik-7561648.jpg\",\"width\":2500,\"height\":1667,\"caption\":\"thefeminismproject.com\"},\"image\":{\"@id\":\"https:\\\/\\\/thefeminismproject.com\\\/fr\\\/#\\\/schema\\\/logo\\\/image\\\/\"}},{\"@type\":\"Person\",\"@id\":\"https:\\\/\\\/thefeminismproject.com\\\/fr\\\/#\\\/schema\\\/person\\\/d2d84f0918ac04ca2b9f5b912890ad51\",\"name\":\"Joaquimma Anna\",\"image\":{\"@type\":\"ImageObject\",\"inLanguage\":\"fr-FR\",\"@id\":\"https:\\\/\\\/secure.gravatar.com\\\/avatar\\\/7d06747db1565e73d68391d596fc2eb15a10a4b4c1864574c454435523af94f1?s=96&d=mm&r=g\",\"url\":\"https:\\\/\\\/secure.gravatar.com\\\/avatar\\\/7d06747db1565e73d68391d596fc2eb15a10a4b4c1864574c454435523af94f1?s=96&d=mm&r=g\",\"contentUrl\":\"https:\\\/\\\/secure.gravatar.com\\\/avatar\\\/7d06747db1565e73d68391d596fc2eb15a10a4b4c1864574c454435523af94f1?s=96&d=mm&r=g\",\"caption\":\"Joaquimma Anna\"},\"description\":\"Hi my name Joaquimma Anna, and let's tumble down the rabbit hole of thought! At thefeminismproject.com, this blog is a whimsical carnival of ideas. As a mischievous feminism activist, I'm here to juggle the narratives of women. This project? A delightful escapade into the absurdities and splendors of our world. Expect the unexpected!\",\"sameAs\":[\"http:\\\/\\\/thefeminismproject.com\"],\"url\":\"https:\\\/\\\/thefeminismproject.com\\\/fr\\\/author\\\/bella-sungkawa\\\/\"}]}<\/script>\n<!-- \/ Yoast SEO plugin. -->","yoast_head_json":{"title":"Quelle f\u00e9ministe \u00eates-vous ? Identifiez votre profil militant","description":"Dans un monde o\u00f9 les luttes pour l\u2019\u00e9galit\u00e9 des sexes fleurissent comme des fleurs sauvages parmi les d\u00e9combres d\u2019un patriarcat vieillissant, il est vital","robots":{"index":"index","follow":"follow","max-snippet":"max-snippet:-1","max-image-preview":"max-image-preview:large","max-video-preview":"max-video-preview:-1"},"canonical":"https:\/\/thefeminismproject.com\/fr\/en-vedette\/quelle-feministe-etes-vous-identifiez-votre-profil-militant\/","og_locale":"fr_FR","og_type":"article","og_title":"Quelle f\u00e9ministe \u00eates-vous ? Identifiez votre profil militant","og_description":"Dans un monde o\u00f9 les luttes pour l\u2019\u00e9galit\u00e9 des sexes fleurissent comme des fleurs sauvages parmi les d\u00e9combres d\u2019un patriarcat vieillissant, il est vital","og_url":"https:\/\/thefeminismproject.com\/fr\/en-vedette\/quelle-feministe-etes-vous-identifiez-votre-profil-militant\/","og_site_name":"thefeminismproject.com","article_published_time":"2025-04-21T05:15:46+00:00","og_image":[{"width":2560,"height":1802,"url":"https:\/\/thefeminismproject.com\/wp-content\/uploads\/2025\/04\/ELM_0135-2-scaled-1.jpg","type":"image\/jpeg"}],"author":"Joaquimma Anna","twitter_card":"summary_large_image","twitter_misc":{"\u00c9crit par":"Joaquimma Anna","Dur\u00e9e de lecture estim\u00e9e":"4 minutes"},"schema":{"@context":"https:\/\/schema.org","@graph":[{"@type":"Article","@id":"https:\/\/thefeminismproject.com\/fr\/en-vedette\/quelle-feministe-etes-vous-identifiez-votre-profil-militant\/#article","isPartOf":{"@id":"https:\/\/thefeminismproject.com\/fr\/en-vedette\/quelle-feministe-etes-vous-identifiez-votre-profil-militant\/"},"author":{"name":"Joaquimma Anna","@id":"https:\/\/thefeminismproject.com\/fr\/#\/schema\/person\/d2d84f0918ac04ca2b9f5b912890ad51"},"headline":"Quelle f\u00e9ministe \u00eates-vous ? Identifiez votre profil militant","datePublished":"2025-04-21T05:15:46+00:00","mainEntityOfPage":{"@id":"https:\/\/thefeminismproject.com\/fr\/en-vedette\/quelle-feministe-etes-vous-identifiez-votre-profil-militant\/"},"wordCount":913,"commentCount":0,"publisher":{"@id":"https:\/\/thefeminismproject.com\/fr\/#organization"},"image":{"@id":"https:\/\/thefeminismproject.com\/fr\/en-vedette\/quelle-feministe-etes-vous-identifiez-votre-profil-militant\/#primaryimage"},"thumbnailUrl":"https:\/\/thefeminismproject.com\/wp-content\/uploads\/2025\/04\/ELM_0135-2-scaled-1.jpg","articleSection":["En vedette"],"inLanguage":"fr-FR","potentialAction":[{"@type":"CommentAction","name":"Comment","target":["https:\/\/thefeminismproject.com\/fr\/en-vedette\/quelle-feministe-etes-vous-identifiez-votre-profil-militant\/#respond"]}]},{"@type":"WebPage","@id":"https:\/\/thefeminismproject.com\/fr\/en-vedette\/quelle-feministe-etes-vous-identifiez-votre-profil-militant\/","url":"https:\/\/thefeminismproject.com\/fr\/en-vedette\/quelle-feministe-etes-vous-identifiez-votre-profil-militant\/","name":"Quelle f\u00e9ministe \u00eates-vous ? Identifiez votre profil militant","isPartOf":{"@id":"https:\/\/thefeminismproject.com\/fr\/#website"},"primaryImageOfPage":{"@id":"https:\/\/thefeminismproject.com\/fr\/en-vedette\/quelle-feministe-etes-vous-identifiez-votre-profil-militant\/#primaryimage"},"image":{"@id":"https:\/\/thefeminismproject.com\/fr\/en-vedette\/quelle-feministe-etes-vous-identifiez-votre-profil-militant\/#primaryimage"},"thumbnailUrl":"https:\/\/thefeminismproject.com\/wp-content\/uploads\/2025\/04\/ELM_0135-2-scaled-1.jpg","datePublished":"2025-04-21T05:15:46+00:00","description":"Dans un monde o\u00f9 les luttes pour l\u2019\u00e9galit\u00e9 des sexes fleurissent comme des fleurs sauvages parmi les d\u00e9combres d\u2019un patriarcat vieillissant, il est vital","breadcrumb":{"@id":"https:\/\/thefeminismproject.com\/fr\/en-vedette\/quelle-feministe-etes-vous-identifiez-votre-profil-militant\/#breadcrumb"},"inLanguage":"fr-FR","potentialAction":[{"@type":"ReadAction","target":["https:\/\/thefeminismproject.com\/fr\/en-vedette\/quelle-feministe-etes-vous-identifiez-votre-profil-militant\/"]}]},{"@type":"ImageObject","inLanguage":"fr-FR","@id":"https:\/\/thefeminismproject.com\/fr\/en-vedette\/quelle-feministe-etes-vous-identifiez-votre-profil-militant\/#primaryimage","url":"https:\/\/thefeminismproject.com\/wp-content\/uploads\/2025\/04\/ELM_0135-2-scaled-1.jpg","contentUrl":"https:\/\/thefeminismproject.com\/wp-content\/uploads\/2025\/04\/ELM_0135-2-scaled-1.jpg","width":2560,"height":1802},{"@type":"BreadcrumbList","@id":"https:\/\/thefeminismproject.com\/fr\/en-vedette\/quelle-feministe-etes-vous-identifiez-votre-profil-militant\/#breadcrumb","itemListElement":[{"@type":"ListItem","position":1,"name":"Home","item":"https:\/\/thefeminismproject.com\/fr\/accueil\/"},{"@type":"ListItem","position":2,"name":"Quelle f\u00e9ministe \u00eates-vous ? Identifiez votre profil militant"}]},{"@type":"WebSite","@id":"https:\/\/thefeminismproject.com\/fr\/#website","url":"https:\/\/thefeminismproject.com\/fr\/","name":"thefeminismproject.com","description":"Popular culture with a feminist twist | let&#039;s talk about things that matter (news that feels right)","publisher":{"@id":"https:\/\/thefeminismproject.com\/fr\/#organization"},"potentialAction":[{"@type":"SearchAction","target":{"@type":"EntryPoint","urlTemplate":"https:\/\/thefeminismproject.com\/fr\/?s={search_term_string}"},"query-input":{"@type":"PropertyValueSpecification","valueRequired":true,"valueName":"search_term_string"}}],"inLanguage":"fr-FR"},{"@type":"Organization","@id":"https:\/\/thefeminismproject.com\/fr\/#organization","name":"thefeminismproject.com","url":"https:\/\/thefeminismproject.com\/fr\/","logo":{"@type":"ImageObject","inLanguage":"fr-FR","@id":"https:\/\/thefeminismproject.com\/fr\/#\/schema\/logo\/image\/","url":"https:\/\/thefeminismproject.com\/wp-content\/uploads\/2024\/10\/pexels-vazhnik-7561648.jpg","contentUrl":"https:\/\/thefeminismproject.com\/wp-content\/uploads\/2024\/10\/pexels-vazhnik-7561648.jpg","width":2500,"height":1667,"caption":"thefeminismproject.com"},"image":{"@id":"https:\/\/thefeminismproject.com\/fr\/#\/schema\/logo\/image\/"}},{"@type":"Person","@id":"https:\/\/thefeminismproject.com\/fr\/#\/schema\/person\/d2d84f0918ac04ca2b9f5b912890ad51","name":"Joaquimma Anna","image":{"@type":"ImageObject","inLanguage":"fr-FR","@id":"https:\/\/secure.gravatar.com\/avatar\/7d06747db1565e73d68391d596fc2eb15a10a4b4c1864574c454435523af94f1?s=96&d=mm&r=g","url":"https:\/\/secure.gravatar.com\/avatar\/7d06747db1565e73d68391d596fc2eb15a10a4b4c1864574c454435523af94f1?s=96&d=mm&r=g","contentUrl":"https:\/\/secure.gravatar.com\/avatar\/7d06747db1565e73d68391d596fc2eb15a10a4b4c1864574c454435523af94f1?s=96&d=mm&r=g","caption":"Joaquimma Anna"},"description":"Hi my name Joaquimma Anna, and let's tumble down the rabbit hole of thought! At thefeminismproject.com, this blog is a whimsical carnival of ideas. As a mischievous feminism activist, I'm here to juggle the narratives of women. This project? A delightful escapade into the absurdities and splendors of our world. Expect the unexpected!","sameAs":["http:\/\/thefeminismproject.com"],"url":"https:\/\/thefeminismproject.com\/fr\/author\/bella-sungkawa\/"}]}},"_links":{"self":[{"href":"https:\/\/thefeminismproject.com\/fr\/wp-json\/wp\/v2\/posts\/1041489","targetHints":{"allow":["GET"]}}],"collection":[{"href":"https:\/\/thefeminismproject.com\/fr\/wp-json\/wp\/v2\/posts"}],"about":[{"href":"https:\/\/thefeminismproject.com\/fr\/wp-json\/wp\/v2\/types\/post"}],"author":[{"embeddable":true,"href":"https:\/\/thefeminismproject.com\/fr\/wp-json\/wp\/v2\/users\/1"}],"replies":[{"embeddable":true,"href":"https:\/\/thefeminismproject.com\/fr\/wp-json\/wp\/v2\/comments?post=1041489"}],"version-history":[{"count":0,"href":"https:\/\/thefeminismproject.com\/fr\/wp-json\/wp\/v2\/posts\/1041489\/revisions"}],"wp:featuredmedia":[{"embeddable":true,"href":"https:\/\/thefeminismproject.com\/fr\/wp-json\/wp\/v2\/media\/1037187"}],"wp:attachment":[{"href":"https:\/\/thefeminismproject.com\/fr\/wp-json\/wp\/v2\/media?parent=1041489"}],"wp:term":[{"taxonomy":"category","embeddable":true,"href":"https:\/\/thefeminismproject.com\/fr\/wp-json\/wp\/v2\/categories?post=1041489"},{"taxonomy":"post_tag","embeddable":true,"href":"https:\/\/thefeminismproject.com\/fr\/wp-json\/wp\/v2\/tags?post=1041489"}],"curies":[{"name":"wp","href":"https:\/\/api.w.org\/{rel}","templated":true}]}}