{"id":1041526,"date":"2025-04-03T01:29:13","date_gmt":"2025-04-03T01:29:13","guid":{"rendered":"https:\/\/thefeminismproject.com\/non-categorise\/quelle-police-de-caractere-reflete-la-feminite-typographie-design\/"},"modified":"2025-04-03T01:29:13","modified_gmt":"2025-04-03T01:29:13","slug":"quelle-police-de-caractere-reflete-la-feminite-typographie-design","status":"publish","type":"post","link":"https:\/\/thefeminismproject.com\/fr\/en-vedette\/quelle-police-de-caractere-reflete-la-feminite-typographie-design\/","title":{"rendered":"Quelle police de caract\u00e8re refl\u00e8te la f\u00e9minit\u00e9 ? Typographie &#038; design"},"content":{"rendered":"<p>Dans le monde du design, la typographie n&rsquo;est pas qu&rsquo;une simple question de lettres. Elle est le reflet de notre identit\u00e9, de notre culture et, bien s\u00fbr, de notre f\u00e9minit\u00e9. Au-del\u00e0 des tendances passag\u00e8res, choisir une police de caract\u00e8res rev\u00eat une signification profonde, surtout lorsqu&rsquo;il s&rsquo;agit de faire entendre la voix f\u00e9minine. Mais alors, quelle police de caract\u00e8re peut v\u00e9ritablement refl\u00e9ter la f\u00e9minit\u00e9 ? Cette question m\u00e9rite une exploration audacieuse.<\/p>\n<p>Commen\u00e7ons par consid\u00e9rer l\u2019histoire de la typographie. Dans une soci\u00e9t\u00e9 o\u00f9 les lettres sont souvent per\u00e7ues comme neutres, il est imp\u00e9ratif de se demander : les typographies peuvent-elles avoir des genres ? La culture occidentale a longtemps \u00e9t\u00e9 domin\u00e9e par des choix de polices consid\u00e9r\u00e9es comme \u00ab masculines \u00bb : des lignes droites, des angles vifs et des formes angulaires qui transpirent la force et l&rsquo;autorit\u00e9. Pourtant, la f\u00e9minit\u00e9 est plus d\u00e9licate, complexe, et m\u00e9rite une expression unique \u00e0 travers le design.<\/p>\n<p>La typographie f\u00e9minine peut se r\u00e9v\u00e9ler s\u00e9duisante, fluide et parfois m\u00eame provocatrice. Prenons par exemple les polices cursives. Les caract\u00e8res arrondis et fluide de ces typographies \u00e9voquent la douceur et la sensibilit\u00e9. Elles sont comme une invitation \u00e0 se pencher sur des histoires, \u00e0 d\u00e9gager une ambiance chaleureuse. Cependant, ici r\u00e9side un paradoxe : la cursive est souvent sous-estim\u00e9e, rel\u00e9gu\u00e9e \u00e0 des usages \u00ab f\u00e9minins \u00bb clich\u00e9s, tandis que la force d\u2019un message f\u00e9minin peut aussi \u00e9maner d&rsquo;une juxtaposition audacieuse de typographies. Pourquoi ne pas choisir une cursive pour contraster avec une police sans-serif nette et moderne, qui revendique sans ambages son origine f\u00e9ministe ?<\/p>\n<p>Les polices de caract\u00e8res telles que *Didot* ou *Bodoni* incarnent l&rsquo;\u00e9l\u00e9gance et le chic. Avec leurs formes fines et leurs traits contrast\u00e9s, elles rappellent les grandes figures de la mode, des cr\u00e9atrices au style audacieux. Ces typographies, souvent associ\u00e9es \u00e0 l\u2019esprit parisien, transcendent le simple choix esth\u00e9tique. Elles portent en elles l&rsquo;h\u00e9ritage d&rsquo;une r\u00e9volte contre les normes de la typographie masculine. Elles ne sont pas seulement belles, elles sont puissantes, et c&rsquo;est ce dualisme qui stimule la curiosit\u00e9. En choisissant des typographies qui \u00e9voquent le f\u00e9minin, mais sans renoncer \u00e0 la force, le design ouvre la voie vers des perceptions nouvelles et des dialogues enrichis.<\/p>\n<p>Parlons aussi de la couleur et de la texture qui accompagnent souvent ces polices. Les nuances pastel, d\u00e9licates et souvent jug\u00e9es comme \u00ab trop \u00bb douces se r\u00e9v\u00e8lent \u00eatre de puissants alli\u00e9s lorsqu\u2019elles sont employ\u00e9es judicieusement. Elles d\u00e9tournent les clich\u00e9s et interrogent le spectateur : pourquoi ne pas utiliser ces teintes pour communiquer des messages de solidarit\u00e9, d\u2019\u00e9mancipation et de puissance ? En effet, chaque choix typographique doit \u00eatre un acte r\u00e9fl\u00e9chi, une d\u00e9claration, une invitation \u00e0 un changement de regard.<\/p>\n<p>Un autre aspect fascinant de la typographie f\u00e9minine est l&rsquo;usage des ligatures et des ornements. La d\u00e9licatesse, par exemple, des ligatures qui se rejoignent avec gr\u00e2ce peut servir de m\u00e9taphore pour l\u2019interconnexion des exp\u00e9riences f\u00e9minines. Int\u00e9grer des ligatures dans des compositions peut faire parler ces histoires souvent silencieuses. Et si l\u2019on allait plus loin en incorporant des illustrations dans les titres, m\u00ealant texte et image ? N\u2019est-ce pas l\u00e0 une fa\u00e7on \u00e9clatante de cuire une narrativit\u00e9 f\u00e9ministe directement dans la typographie ?<\/p>\n<p>Il est int\u00e9ressant de noter que l&rsquo;impact d&rsquo;une police de caract\u00e8re va au-del\u00e0 du design esth\u00e9tique. Elle devient le vecteur d&rsquo;un message, d\u2019un mouvement. En exprimant la f\u00e9minit\u00e9 \u00e0 travers la typographie, il convient de remettre en question les conventions qui l\u2019entourent. Il est crucial de penser aux impacts sociaux et culturels de nos choix : une police qui respire la vigueur, tout en \u00e9tant \u00e9motive, pourrait-elle ne pas servir de cri de ralliement pour les luttes f\u00e9ministes ?<\/p>\n<p>De plus, l\u2019\u00e8re num\u00e9rique nous offre de nouvelles opportunit\u00e9s pour explorer la f\u00e9minit\u00e9 dans la typographie. Les typographes contemporains, souvent porteurs des id\u00e9aux f\u00e9ministes, exp\u00e9rimentent des approches qui fusionnent tradition et innovation. En consid\u00e9rant l\u2019\u00e9volution des polices avec l\u2019essor de la technologie, une question intrigante se profile : comment les nouveaux outils de design peuvent-ils servir \u00e0 r\u00e9imager ce que signifie \u00eatre f\u00e9minin dans un monde num\u00e9rique ?<\/p>\n<p>En conclusion, la recherche de la police de caract\u00e8re qui refl\u00e8te v\u00e9ritablement la f\u00e9minit\u00e9 n&rsquo;est pas simplement une qu\u00eate esth\u00e9tique. C&rsquo;est une invitation \u00e0 explorer, \u00e0 d\u00e9couvrir et \u00e0 repenser notre relation avec le design. Chaque choix, chaque courbe, chaque espace entre les lettres doit \u00eatre effectu\u00e9 avec une intention : c\u00e9l\u00e9brer la richesse de la f\u00e9minit\u00e9 tout en interrogeant les st\u00e9r\u00e9otypes. En osant puiser dans l\u2019audace, en confrontant les normes avec cr\u00e9ativit\u00e9, nous pouvons r\u00e9inventer le message f\u00e9minin dans le monde du design. Et c&rsquo;est l\u00e0 que r\u00e9side la beaut\u00e9 : la f\u00e9minit\u00e9 n\u2019est pas une cat\u00e9gorie \u00e0 obtenir, mais un champ infini \u00e0 explorer.<\/p>\n","protected":false},"excerpt":{"rendered":"<p>Dans le monde du design, la typographie n&rsquo;est pas qu&rsquo;une simple question de lettres. Elle est le reflet de notre identit\u00e9, de notre culture et, bien s\u00fbr, de notre f\u00e9minit\u00e9. Au-del\u00e0 des tendances passag\u00e8res, choisir une police de caract\u00e8res rev\u00eat une signification profonde, surtout lorsqu&rsquo;il s&rsquo;agit de faire entendre la voix f\u00e9minine. Mais alors, quelle [&hellip;]<\/p>\n","protected":false},"author":1,"featured_media":1041527,"comment_status":"open","ping_status":"open","sticky":false,"template":"","format":"standard","meta":{"footnotes":""},"categories":[77],"tags":[],"class_list":{"0":"post-1041526","1":"post","2":"type-post","3":"status-publish","4":"format-standard","5":"has-post-thumbnail","7":"category-en-vedette"},"yoast_head":"<!-- This site is optimized with the Yoast SEO plugin v27.4 - https:\/\/yoast.com\/product\/yoast-seo-wordpress\/ -->\n<title>Quelle police de caract\u00e8re refl\u00e8te la f\u00e9minit\u00e9 ? Typographie &amp; design<\/title>\n<meta name=\"description\" content=\"Dans le monde du design, la typographie n&#039;est pas qu&#039;une simple question de lettres. Elle est le reflet de notre identit\u00e9, de notre culture et, bien s\u00fbr,\" \/>\n<meta name=\"robots\" content=\"index, follow, max-snippet:-1, max-image-preview:large, max-video-preview:-1\" \/>\n<link rel=\"canonical\" href=\"https:\/\/thefeminismproject.com\/fr\/en-vedette\/quelle-police-de-caractere-reflete-la-feminite-typographie-design\/\" \/>\n<meta property=\"og:locale\" content=\"fr_FR\" \/>\n<meta property=\"og:type\" content=\"article\" \/>\n<meta property=\"og:title\" content=\"Quelle police de caract\u00e8re refl\u00e8te la f\u00e9minit\u00e9 ? Typographie &amp; design\" \/>\n<meta property=\"og:description\" content=\"Dans le monde du design, la typographie n&#039;est pas qu&#039;une simple question de lettres. Elle est le reflet de notre identit\u00e9, de notre culture et, bien s\u00fbr,\" \/>\n<meta property=\"og:url\" content=\"https:\/\/thefeminismproject.com\/fr\/en-vedette\/quelle-police-de-caractere-reflete-la-feminite-typographie-design\/\" \/>\n<meta property=\"og:site_name\" content=\"thefeminismproject.com\" \/>\n<meta property=\"article:published_time\" content=\"2025-04-03T01:29:13+00:00\" \/>\n<meta property=\"og:image\" content=\"https:\/\/thefeminismproject.com\/wp-content\/uploads\/2025\/04\/presentation-modele-de-typo-980x735-1.png\" \/>\n\t<meta property=\"og:image:width\" content=\"980\" \/>\n\t<meta property=\"og:image:height\" content=\"735\" \/>\n\t<meta property=\"og:image:type\" content=\"image\/png\" \/>\n<meta name=\"author\" content=\"Joaquimma Anna\" \/>\n<meta name=\"twitter:card\" content=\"summary_large_image\" \/>\n<meta name=\"twitter:label1\" content=\"\u00c9crit par\" \/>\n\t<meta name=\"twitter:data1\" content=\"Joaquimma Anna\" \/>\n\t<meta name=\"twitter:label2\" content=\"Dur\u00e9e de lecture estim\u00e9e\" \/>\n\t<meta name=\"twitter:data2\" content=\"4 minutes\" \/>\n<script type=\"application\/ld+json\" class=\"yoast-schema-graph\">{\"@context\":\"https:\\\/\\\/schema.org\",\"@graph\":[{\"@type\":\"Article\",\"@id\":\"https:\\\/\\\/thefeminismproject.com\\\/fr\\\/en-vedette\\\/quelle-police-de-caractere-reflete-la-feminite-typographie-design\\\/#article\",\"isPartOf\":{\"@id\":\"https:\\\/\\\/thefeminismproject.com\\\/fr\\\/en-vedette\\\/quelle-police-de-caractere-reflete-la-feminite-typographie-design\\\/\"},\"author\":{\"name\":\"Joaquimma Anna\",\"@id\":\"https:\\\/\\\/thefeminismproject.com\\\/fr\\\/#\\\/schema\\\/person\\\/d2d84f0918ac04ca2b9f5b912890ad51\"},\"headline\":\"Quelle police de caract\u00e8re refl\u00e8te la f\u00e9minit\u00e9 ? Typographie &#038; design\",\"datePublished\":\"2025-04-03T01:29:13+00:00\",\"mainEntityOfPage\":{\"@id\":\"https:\\\/\\\/thefeminismproject.com\\\/fr\\\/en-vedette\\\/quelle-police-de-caractere-reflete-la-feminite-typographie-design\\\/\"},\"wordCount\":886,\"commentCount\":0,\"publisher\":{\"@id\":\"https:\\\/\\\/thefeminismproject.com\\\/fr\\\/#organization\"},\"image\":{\"@id\":\"https:\\\/\\\/thefeminismproject.com\\\/fr\\\/en-vedette\\\/quelle-police-de-caractere-reflete-la-feminite-typographie-design\\\/#primaryimage\"},\"thumbnailUrl\":\"https:\\\/\\\/thefeminismproject.com\\\/wp-content\\\/uploads\\\/2025\\\/04\\\/presentation-modele-de-typo-980x735-1.png\",\"articleSection\":[\"En vedette\"],\"inLanguage\":\"fr-FR\",\"potentialAction\":[{\"@type\":\"CommentAction\",\"name\":\"Comment\",\"target\":[\"https:\\\/\\\/thefeminismproject.com\\\/fr\\\/en-vedette\\\/quelle-police-de-caractere-reflete-la-feminite-typographie-design\\\/#respond\"]}]},{\"@type\":\"WebPage\",\"@id\":\"https:\\\/\\\/thefeminismproject.com\\\/fr\\\/en-vedette\\\/quelle-police-de-caractere-reflete-la-feminite-typographie-design\\\/\",\"url\":\"https:\\\/\\\/thefeminismproject.com\\\/fr\\\/en-vedette\\\/quelle-police-de-caractere-reflete-la-feminite-typographie-design\\\/\",\"name\":\"Quelle police de caract\u00e8re refl\u00e8te la f\u00e9minit\u00e9 ? Typographie & design\",\"isPartOf\":{\"@id\":\"https:\\\/\\\/thefeminismproject.com\\\/fr\\\/#website\"},\"primaryImageOfPage\":{\"@id\":\"https:\\\/\\\/thefeminismproject.com\\\/fr\\\/en-vedette\\\/quelle-police-de-caractere-reflete-la-feminite-typographie-design\\\/#primaryimage\"},\"image\":{\"@id\":\"https:\\\/\\\/thefeminismproject.com\\\/fr\\\/en-vedette\\\/quelle-police-de-caractere-reflete-la-feminite-typographie-design\\\/#primaryimage\"},\"thumbnailUrl\":\"https:\\\/\\\/thefeminismproject.com\\\/wp-content\\\/uploads\\\/2025\\\/04\\\/presentation-modele-de-typo-980x735-1.png\",\"datePublished\":\"2025-04-03T01:29:13+00:00\",\"description\":\"Dans le monde du design, la typographie n'est pas qu'une simple question de lettres. Elle est le reflet de notre identit\u00e9, de notre culture et, bien s\u00fbr,\",\"breadcrumb\":{\"@id\":\"https:\\\/\\\/thefeminismproject.com\\\/fr\\\/en-vedette\\\/quelle-police-de-caractere-reflete-la-feminite-typographie-design\\\/#breadcrumb\"},\"inLanguage\":\"fr-FR\",\"potentialAction\":[{\"@type\":\"ReadAction\",\"target\":[\"https:\\\/\\\/thefeminismproject.com\\\/fr\\\/en-vedette\\\/quelle-police-de-caractere-reflete-la-feminite-typographie-design\\\/\"]}]},{\"@type\":\"ImageObject\",\"inLanguage\":\"fr-FR\",\"@id\":\"https:\\\/\\\/thefeminismproject.com\\\/fr\\\/en-vedette\\\/quelle-police-de-caractere-reflete-la-feminite-typographie-design\\\/#primaryimage\",\"url\":\"https:\\\/\\\/thefeminismproject.com\\\/wp-content\\\/uploads\\\/2025\\\/04\\\/presentation-modele-de-typo-980x735-1.png\",\"contentUrl\":\"https:\\\/\\\/thefeminismproject.com\\\/wp-content\\\/uploads\\\/2025\\\/04\\\/presentation-modele-de-typo-980x735-1.png\",\"width\":980,\"height\":735},{\"@type\":\"BreadcrumbList\",\"@id\":\"https:\\\/\\\/thefeminismproject.com\\\/fr\\\/en-vedette\\\/quelle-police-de-caractere-reflete-la-feminite-typographie-design\\\/#breadcrumb\",\"itemListElement\":[{\"@type\":\"ListItem\",\"position\":1,\"name\":\"Home\",\"item\":\"https:\\\/\\\/thefeminismproject.com\\\/fr\\\/accueil\\\/\"},{\"@type\":\"ListItem\",\"position\":2,\"name\":\"Quelle police de caract\u00e8re refl\u00e8te la f\u00e9minit\u00e9 ? Typographie &#038; design\"}]},{\"@type\":\"WebSite\",\"@id\":\"https:\\\/\\\/thefeminismproject.com\\\/fr\\\/#website\",\"url\":\"https:\\\/\\\/thefeminismproject.com\\\/fr\\\/\",\"name\":\"thefeminismproject.com\",\"description\":\"Popular culture with a feminist twist | let&#039;s talk about things that matter (news that feels right)\",\"publisher\":{\"@id\":\"https:\\\/\\\/thefeminismproject.com\\\/fr\\\/#organization\"},\"potentialAction\":[{\"@type\":\"SearchAction\",\"target\":{\"@type\":\"EntryPoint\",\"urlTemplate\":\"https:\\\/\\\/thefeminismproject.com\\\/fr\\\/?s={search_term_string}\"},\"query-input\":{\"@type\":\"PropertyValueSpecification\",\"valueRequired\":true,\"valueName\":\"search_term_string\"}}],\"inLanguage\":\"fr-FR\"},{\"@type\":\"Organization\",\"@id\":\"https:\\\/\\\/thefeminismproject.com\\\/fr\\\/#organization\",\"name\":\"thefeminismproject.com\",\"url\":\"https:\\\/\\\/thefeminismproject.com\\\/fr\\\/\",\"logo\":{\"@type\":\"ImageObject\",\"inLanguage\":\"fr-FR\",\"@id\":\"https:\\\/\\\/thefeminismproject.com\\\/fr\\\/#\\\/schema\\\/logo\\\/image\\\/\",\"url\":\"https:\\\/\\\/thefeminismproject.com\\\/wp-content\\\/uploads\\\/2024\\\/10\\\/pexels-vazhnik-7561648.jpg\",\"contentUrl\":\"https:\\\/\\\/thefeminismproject.com\\\/wp-content\\\/uploads\\\/2024\\\/10\\\/pexels-vazhnik-7561648.jpg\",\"width\":2500,\"height\":1667,\"caption\":\"thefeminismproject.com\"},\"image\":{\"@id\":\"https:\\\/\\\/thefeminismproject.com\\\/fr\\\/#\\\/schema\\\/logo\\\/image\\\/\"}},{\"@type\":\"Person\",\"@id\":\"https:\\\/\\\/thefeminismproject.com\\\/fr\\\/#\\\/schema\\\/person\\\/d2d84f0918ac04ca2b9f5b912890ad51\",\"name\":\"Joaquimma Anna\",\"image\":{\"@type\":\"ImageObject\",\"inLanguage\":\"fr-FR\",\"@id\":\"https:\\\/\\\/secure.gravatar.com\\\/avatar\\\/7d06747db1565e73d68391d596fc2eb15a10a4b4c1864574c454435523af94f1?s=96&d=mm&r=g\",\"url\":\"https:\\\/\\\/secure.gravatar.com\\\/avatar\\\/7d06747db1565e73d68391d596fc2eb15a10a4b4c1864574c454435523af94f1?s=96&d=mm&r=g\",\"contentUrl\":\"https:\\\/\\\/secure.gravatar.com\\\/avatar\\\/7d06747db1565e73d68391d596fc2eb15a10a4b4c1864574c454435523af94f1?s=96&d=mm&r=g\",\"caption\":\"Joaquimma Anna\"},\"description\":\"Hi my name Joaquimma Anna, and let's tumble down the rabbit hole of thought! At thefeminismproject.com, this blog is a whimsical carnival of ideas. As a mischievous feminism activist, I'm here to juggle the narratives of women. This project? A delightful escapade into the absurdities and splendors of our world. Expect the unexpected!\",\"sameAs\":[\"http:\\\/\\\/thefeminismproject.com\"],\"url\":\"https:\\\/\\\/thefeminismproject.com\\\/fr\\\/author\\\/bella-sungkawa\\\/\"}]}<\/script>\n<!-- \/ Yoast SEO plugin. -->","yoast_head_json":{"title":"Quelle police de caract\u00e8re refl\u00e8te la f\u00e9minit\u00e9 ? Typographie & design","description":"Dans le monde du design, la typographie n'est pas qu'une simple question de lettres. Elle est le reflet de notre identit\u00e9, de notre culture et, bien s\u00fbr,","robots":{"index":"index","follow":"follow","max-snippet":"max-snippet:-1","max-image-preview":"max-image-preview:large","max-video-preview":"max-video-preview:-1"},"canonical":"https:\/\/thefeminismproject.com\/fr\/en-vedette\/quelle-police-de-caractere-reflete-la-feminite-typographie-design\/","og_locale":"fr_FR","og_type":"article","og_title":"Quelle police de caract\u00e8re refl\u00e8te la f\u00e9minit\u00e9 ? Typographie & design","og_description":"Dans le monde du design, la typographie n'est pas qu'une simple question de lettres. Elle est le reflet de notre identit\u00e9, de notre culture et, bien s\u00fbr,","og_url":"https:\/\/thefeminismproject.com\/fr\/en-vedette\/quelle-police-de-caractere-reflete-la-feminite-typographie-design\/","og_site_name":"thefeminismproject.com","article_published_time":"2025-04-03T01:29:13+00:00","og_image":[{"width":980,"height":735,"url":"https:\/\/thefeminismproject.com\/wp-content\/uploads\/2025\/04\/presentation-modele-de-typo-980x735-1.png","type":"image\/png"}],"author":"Joaquimma Anna","twitter_card":"summary_large_image","twitter_misc":{"\u00c9crit par":"Joaquimma Anna","Dur\u00e9e de lecture estim\u00e9e":"4 minutes"},"schema":{"@context":"https:\/\/schema.org","@graph":[{"@type":"Article","@id":"https:\/\/thefeminismproject.com\/fr\/en-vedette\/quelle-police-de-caractere-reflete-la-feminite-typographie-design\/#article","isPartOf":{"@id":"https:\/\/thefeminismproject.com\/fr\/en-vedette\/quelle-police-de-caractere-reflete-la-feminite-typographie-design\/"},"author":{"name":"Joaquimma Anna","@id":"https:\/\/thefeminismproject.com\/fr\/#\/schema\/person\/d2d84f0918ac04ca2b9f5b912890ad51"},"headline":"Quelle police de caract\u00e8re refl\u00e8te la f\u00e9minit\u00e9 ? Typographie &#038; design","datePublished":"2025-04-03T01:29:13+00:00","mainEntityOfPage":{"@id":"https:\/\/thefeminismproject.com\/fr\/en-vedette\/quelle-police-de-caractere-reflete-la-feminite-typographie-design\/"},"wordCount":886,"commentCount":0,"publisher":{"@id":"https:\/\/thefeminismproject.com\/fr\/#organization"},"image":{"@id":"https:\/\/thefeminismproject.com\/fr\/en-vedette\/quelle-police-de-caractere-reflete-la-feminite-typographie-design\/#primaryimage"},"thumbnailUrl":"https:\/\/thefeminismproject.com\/wp-content\/uploads\/2025\/04\/presentation-modele-de-typo-980x735-1.png","articleSection":["En vedette"],"inLanguage":"fr-FR","potentialAction":[{"@type":"CommentAction","name":"Comment","target":["https:\/\/thefeminismproject.com\/fr\/en-vedette\/quelle-police-de-caractere-reflete-la-feminite-typographie-design\/#respond"]}]},{"@type":"WebPage","@id":"https:\/\/thefeminismproject.com\/fr\/en-vedette\/quelle-police-de-caractere-reflete-la-feminite-typographie-design\/","url":"https:\/\/thefeminismproject.com\/fr\/en-vedette\/quelle-police-de-caractere-reflete-la-feminite-typographie-design\/","name":"Quelle police de caract\u00e8re refl\u00e8te la f\u00e9minit\u00e9 ? Typographie & design","isPartOf":{"@id":"https:\/\/thefeminismproject.com\/fr\/#website"},"primaryImageOfPage":{"@id":"https:\/\/thefeminismproject.com\/fr\/en-vedette\/quelle-police-de-caractere-reflete-la-feminite-typographie-design\/#primaryimage"},"image":{"@id":"https:\/\/thefeminismproject.com\/fr\/en-vedette\/quelle-police-de-caractere-reflete-la-feminite-typographie-design\/#primaryimage"},"thumbnailUrl":"https:\/\/thefeminismproject.com\/wp-content\/uploads\/2025\/04\/presentation-modele-de-typo-980x735-1.png","datePublished":"2025-04-03T01:29:13+00:00","description":"Dans le monde du design, la typographie n'est pas qu'une simple question de lettres. Elle est le reflet de notre identit\u00e9, de notre culture et, bien s\u00fbr,","breadcrumb":{"@id":"https:\/\/thefeminismproject.com\/fr\/en-vedette\/quelle-police-de-caractere-reflete-la-feminite-typographie-design\/#breadcrumb"},"inLanguage":"fr-FR","potentialAction":[{"@type":"ReadAction","target":["https:\/\/thefeminismproject.com\/fr\/en-vedette\/quelle-police-de-caractere-reflete-la-feminite-typographie-design\/"]}]},{"@type":"ImageObject","inLanguage":"fr-FR","@id":"https:\/\/thefeminismproject.com\/fr\/en-vedette\/quelle-police-de-caractere-reflete-la-feminite-typographie-design\/#primaryimage","url":"https:\/\/thefeminismproject.com\/wp-content\/uploads\/2025\/04\/presentation-modele-de-typo-980x735-1.png","contentUrl":"https:\/\/thefeminismproject.com\/wp-content\/uploads\/2025\/04\/presentation-modele-de-typo-980x735-1.png","width":980,"height":735},{"@type":"BreadcrumbList","@id":"https:\/\/thefeminismproject.com\/fr\/en-vedette\/quelle-police-de-caractere-reflete-la-feminite-typographie-design\/#breadcrumb","itemListElement":[{"@type":"ListItem","position":1,"name":"Home","item":"https:\/\/thefeminismproject.com\/fr\/accueil\/"},{"@type":"ListItem","position":2,"name":"Quelle police de caract\u00e8re refl\u00e8te la f\u00e9minit\u00e9 ? Typographie &#038; design"}]},{"@type":"WebSite","@id":"https:\/\/thefeminismproject.com\/fr\/#website","url":"https:\/\/thefeminismproject.com\/fr\/","name":"thefeminismproject.com","description":"Popular culture with a feminist twist | let&#039;s talk about things that matter (news that feels right)","publisher":{"@id":"https:\/\/thefeminismproject.com\/fr\/#organization"},"potentialAction":[{"@type":"SearchAction","target":{"@type":"EntryPoint","urlTemplate":"https:\/\/thefeminismproject.com\/fr\/?s={search_term_string}"},"query-input":{"@type":"PropertyValueSpecification","valueRequired":true,"valueName":"search_term_string"}}],"inLanguage":"fr-FR"},{"@type":"Organization","@id":"https:\/\/thefeminismproject.com\/fr\/#organization","name":"thefeminismproject.com","url":"https:\/\/thefeminismproject.com\/fr\/","logo":{"@type":"ImageObject","inLanguage":"fr-FR","@id":"https:\/\/thefeminismproject.com\/fr\/#\/schema\/logo\/image\/","url":"https:\/\/thefeminismproject.com\/wp-content\/uploads\/2024\/10\/pexels-vazhnik-7561648.jpg","contentUrl":"https:\/\/thefeminismproject.com\/wp-content\/uploads\/2024\/10\/pexels-vazhnik-7561648.jpg","width":2500,"height":1667,"caption":"thefeminismproject.com"},"image":{"@id":"https:\/\/thefeminismproject.com\/fr\/#\/schema\/logo\/image\/"}},{"@type":"Person","@id":"https:\/\/thefeminismproject.com\/fr\/#\/schema\/person\/d2d84f0918ac04ca2b9f5b912890ad51","name":"Joaquimma Anna","image":{"@type":"ImageObject","inLanguage":"fr-FR","@id":"https:\/\/secure.gravatar.com\/avatar\/7d06747db1565e73d68391d596fc2eb15a10a4b4c1864574c454435523af94f1?s=96&d=mm&r=g","url":"https:\/\/secure.gravatar.com\/avatar\/7d06747db1565e73d68391d596fc2eb15a10a4b4c1864574c454435523af94f1?s=96&d=mm&r=g","contentUrl":"https:\/\/secure.gravatar.com\/avatar\/7d06747db1565e73d68391d596fc2eb15a10a4b4c1864574c454435523af94f1?s=96&d=mm&r=g","caption":"Joaquimma Anna"},"description":"Hi my name Joaquimma Anna, and let's tumble down the rabbit hole of thought! At thefeminismproject.com, this blog is a whimsical carnival of ideas. As a mischievous feminism activist, I'm here to juggle the narratives of women. This project? A delightful escapade into the absurdities and splendors of our world. Expect the unexpected!","sameAs":["http:\/\/thefeminismproject.com"],"url":"https:\/\/thefeminismproject.com\/fr\/author\/bella-sungkawa\/"}]}},"_links":{"self":[{"href":"https:\/\/thefeminismproject.com\/fr\/wp-json\/wp\/v2\/posts\/1041526","targetHints":{"allow":["GET"]}}],"collection":[{"href":"https:\/\/thefeminismproject.com\/fr\/wp-json\/wp\/v2\/posts"}],"about":[{"href":"https:\/\/thefeminismproject.com\/fr\/wp-json\/wp\/v2\/types\/post"}],"author":[{"embeddable":true,"href":"https:\/\/thefeminismproject.com\/fr\/wp-json\/wp\/v2\/users\/1"}],"replies":[{"embeddable":true,"href":"https:\/\/thefeminismproject.com\/fr\/wp-json\/wp\/v2\/comments?post=1041526"}],"version-history":[{"count":0,"href":"https:\/\/thefeminismproject.com\/fr\/wp-json\/wp\/v2\/posts\/1041526\/revisions"}],"wp:featuredmedia":[{"embeddable":true,"href":"https:\/\/thefeminismproject.com\/fr\/wp-json\/wp\/v2\/media\/1041527"}],"wp:attachment":[{"href":"https:\/\/thefeminismproject.com\/fr\/wp-json\/wp\/v2\/media?parent=1041526"}],"wp:term":[{"taxonomy":"category","embeddable":true,"href":"https:\/\/thefeminismproject.com\/fr\/wp-json\/wp\/v2\/categories?post=1041526"},{"taxonomy":"post_tag","embeddable":true,"href":"https:\/\/thefeminismproject.com\/fr\/wp-json\/wp\/v2\/tags?post=1041526"}],"curies":[{"name":"wp","href":"https:\/\/api.w.org\/{rel}","templated":true}]}}