{"id":1041734,"date":"2025-04-07T06:08:29","date_gmt":"2025-04-07T06:08:29","guid":{"rendered":"https:\/\/thefeminismproject.com\/non-categorise\/etude-harris-interactive-qui-se-revendique-vraiment-feministe\/"},"modified":"2025-04-07T06:08:29","modified_gmt":"2025-04-07T06:08:29","slug":"etude-harris-interactive-qui-se-revendique-vraiment-feministe","status":"publish","type":"post","link":"https:\/\/thefeminismproject.com\/fr\/en-vedette\/etude-harris-interactive-qui-se-revendique-vraiment-feministe\/","title":{"rendered":"\u00c9tude Harris Interactive : qui se revendique vraiment f\u00e9ministe ?"},"content":{"rendered":"<p>Dans le monde contemporain, le terme \u00ab\u00a0f\u00e9minisme\u00a0\u00bb fait l&rsquo;objet de d\u00e9bats enflamm\u00e9s et de perceptions diverses, souvent teint\u00e9es de pr\u00e9jug\u00e9s. L&rsquo;\u00e9tude r\u00e9cente d&rsquo;Harris Interactive, qui interroge la question de l&rsquo;auto-identification en tant que f\u00e9ministe, soul\u00e8ve des interrogations cruciales. Qui se revendique vraiment f\u00e9ministe aujourd&rsquo;hui ? \u00c0 l&rsquo;\u00e8re des r\u00e9seaux sociaux, o\u00f9 les mots peuvent \u00eatre \u00e0 la fois des boucliers et des armes, la notion d&rsquo;identit\u00e9 f\u00e9ministe s&rsquo;av\u00e8re aussi complexe qu&rsquo;un tissu fragile brod\u00e9 de contradictions.<\/p>\n<p>Loin d&rsquo;\u00eatre une simple \u00e9tiquette, le f\u00e9minisme est un large pulsar de luttes, d&rsquo;id\u00e9aux et de voix. Il incarne un mouvement qui se veut inclusif, \u00e9galitaire, mais qui, paradoxalement, semble parfois exclure tout autant qu&rsquo;il inclut. Cette dichotomie devient particuli\u00e8rement palpable lorsque l&rsquo;on examine les r\u00e9sultats de l&rsquo;\u00e9tude : les r\u00e9pondants fanfaronnent souvent d&rsquo;un alignement avec les valeurs f\u00e9ministes, tout en conservant des r\u00e9ticences quant \u00e0 l&rsquo;\u00e9tiquette elle-m\u00eame. Comment expliquer une telle ambivalence ?<\/p>\n<p>La premi\u00e8re r\u00e9flexion qui \u00e9merge est celle de la perception sociale du f\u00e9minisme. Historiquement, le f\u00e9minisme a \u00e9t\u00e9 fa\u00e7onn\u00e9 par des luttes acharn\u00e9es pour obtenir des droits fondamentaux. Pourtant, le vocable a subi une mutation s\u00e9mantique qui le rend parfois impr\u00e9cis, et souvent impronon\u00e7able pour celles et ceux qui craignent le jugement. Cela donne lieu \u00e0 un paradoxe : bien que les valeurs f\u00e9ministes soient largement partag\u00e9es \u2014 \u00e9galit\u00e9 salariale, droits reproductifs, violences faites aux femmes \u2014 le fait de se revendiquer comme tel reste une d\u00e9marche qui soul\u00e8ve des frissons dans l&rsquo;\u00e9chine de nombreux individus.<\/p>\n<p>Cette r\u00e9ticence n&rsquo;est pas seulement le fruit d&rsquo;un manque d&rsquo;\u00e9ducation sur la signification du f\u00e9minisme, mais elle s&rsquo;enracine aussi dans une peur de l&rsquo;\u00e9tiquetage et de la stigmatisation. Dans une soci\u00e9t\u00e9 o\u00f9 les r\u00e9seaux sociaux exposent la moindre de nos opinions sous l&rsquo;ultraviolet du jugement collectif, revendiquer ce titre peut ressembler \u00e0 un acte d&rsquo;audace. Les \u201cfeminists\u201d en ligne se heurtent souvent \u00e0 des assauts verbaux, caricatur\u00e9s comme des militantes hyst\u00e9riques ou enrag\u00e9es. Ironiquement, cette caricature ne fait que renforcer le st\u00e9r\u00e9otype, \u00e9loignant les soutiens potentiels d&rsquo;un mouvement qui, pourtant, pr\u00f4ne l&rsquo;inclusivit\u00e9.<\/p>\n<p>D&rsquo;un autre c\u00f4t\u00e9, l&rsquo;irr\u00e9v\u00e9rence des jeunes f\u00e9ministes contemporains remet en cause les normes \u00e9tablies. Certaines se pr\u00e9sentent comme des militantes \u00e0 la fibre engag\u00e9e, pour qui le f\u00e9minisme est non seulement une id\u00e9ologie, mais aussi un style de vie. Ces voix audacieuses cherchent \u00e0 r\u00e9inventer le discours, \u00e0 le rendre accessible et pertinent pour leurs contemporains. Cependant, cette dynamique engendre \u00e9galement des tensions au sein m\u00eame du mouvement. Les guerres de chapelles \u2013 entre f\u00e9ministes intersectionnelles et celles plus traditionnelles, par exemple \u2013 viennent exacerber la fracture de la cause.<\/p>\n<p>Examinons ici une m\u00e9taphore fascinante. Imaginez un jardin luxuriant, un v\u00e9ritable \u00e9cosyst\u00e8me o\u00f9 cohabitent diverses esp\u00e8ces de plantes. Chaque esp\u00e8ce a ses propres besoins en termes de lumi\u00e8re, d&rsquo;eau et de nutriments. Certaines peuvent cro\u00eetre \u00e0 l&rsquo;ombre, d&rsquo;autres ont besoin d&rsquo;un ensoleillement direct pour s&rsquo;\u00e9panouir. De la m\u00eame mani\u00e8re, le f\u00e9minisme doit naviguer \u00e0 travers diff\u00e9rentes textures et tonalit\u00e9s d\u2019exp\u00e9rience. Les luttes v\u00e9cues par une femme noire, une femme musulmane, ou encore une femme transgenres sont, et doivent \u00eatre, au c\u0153ur de cette floraison collective. Ignorer ces nuances, c&rsquo;est risquer l&rsquo;\u00e9vanouissement d&rsquo;une partie essentielle du mouvement, le laissant se dess\u00e9cher dans un sol aride de m\u00e9pris.<\/p>\n<p>La d\u00e9construction du mot \u00ab\u00a0f\u00e9minisme\u00a0\u00bb est donc essentielle. C&rsquo;est une d\u00e9marche qui exige du courage, mais \u00e9galement une r\u00e9\u00e9valuation de ce que signifie \u00eatre f\u00e9ministe aujourd&rsquo;hui. \u00catre f\u00e9ministe implique non seulement la reconnaissance des \u00e9galement des droits des femmes , mais aussi de l&rsquo;intersectionnalit\u00e9 des luttes. C&rsquo;est en accueillant les voix multiples et vari\u00e9es que ce jardin pourra s&rsquo;\u00e9panouir dans toute sa splendeur. En fin de compte, revendiquer le f\u00e9minisme, c&rsquo;est embrasser la complexit\u00e9 et c\u00e9l\u00e9brer la diversit\u00e9.<\/p>\n<p>En conclusion, la question que soul\u00e8ve l\u2019\u00e9tude d\u2019Harris Interactive \u2014 qui se revendique vraiment f\u00e9ministe ? \u2014 doit renverser la probl\u00e9matique et nous interroger sur la mani\u00e8re dont nous entendons le f\u00e9minisme. En scrutant cette th\u00e9matique, il appara\u00eet clairement que le f\u00e9minisme ne se r\u00e9sume pas \u00e0 une simple voix dans une chorale, mais bien \u00e0 un ch\u0153ur tumultueux o\u00f9 chaque note compte. Il ne faut pas craindre de s&rsquo;\u00e9riger en tant que f\u00e9ministe, mais au contraire, voir cela comme une invitation \u00e0 enrichir ce d\u00e9bat qui, \u00e0 ce jour, est plus que jamais d\u2019actualit\u00e9. C&rsquo;est l&rsquo;opportunit\u00e9 de cimenter une solidarit\u00e9 mondiale, tout en cultivant un terrain fertile pour les futurs \u00e9chos de la lutte, afin qu&rsquo;aucune voix ne se perde dans le brouhaha ambiant.<\/p>\n","protected":false},"excerpt":{"rendered":"<p>Dans le monde contemporain, le terme \u00ab\u00a0f\u00e9minisme\u00a0\u00bb fait l&rsquo;objet de d\u00e9bats enflamm\u00e9s et de perceptions diverses, souvent teint\u00e9es de pr\u00e9jug\u00e9s. L&rsquo;\u00e9tude r\u00e9cente d&rsquo;Harris Interactive, qui interroge la question de l&rsquo;auto-identification en tant que f\u00e9ministe, soul\u00e8ve des interrogations cruciales. Qui se revendique vraiment f\u00e9ministe aujourd&rsquo;hui ? \u00c0 l&rsquo;\u00e8re des r\u00e9seaux sociaux, o\u00f9 les mots peuvent \u00eatre [&hellip;]<\/p>\n","protected":false},"author":1,"featured_media":1041735,"comment_status":"open","ping_status":"open","sticky":false,"template":"","format":"standard","meta":{"footnotes":""},"categories":[77],"tags":[],"class_list":{"0":"post-1041734","1":"post","2":"type-post","3":"status-publish","4":"format-standard","5":"has-post-thumbnail","7":"category-en-vedette"},"yoast_head":"<!-- This site is optimized with the Yoast SEO plugin v27.4 - https:\/\/yoast.com\/product\/yoast-seo-wordpress\/ -->\n<title>\u00c9tude Harris Interactive : qui se revendique vraiment f\u00e9ministe ?<\/title>\n<meta name=\"description\" content=\"Dans le monde contemporain, le terme &quot;f\u00e9minisme&quot; fait l&#039;objet de d\u00e9bats enflamm\u00e9s et de perceptions diverses, souvent teint\u00e9es de pr\u00e9jug\u00e9s. L&#039;\u00e9tude\" \/>\n<meta name=\"robots\" content=\"index, follow, max-snippet:-1, max-image-preview:large, max-video-preview:-1\" \/>\n<link rel=\"canonical\" href=\"https:\/\/thefeminismproject.com\/fr\/en-vedette\/etude-harris-interactive-qui-se-revendique-vraiment-feministe\/\" \/>\n<meta property=\"og:locale\" content=\"fr_FR\" \/>\n<meta property=\"og:type\" content=\"article\" \/>\n<meta property=\"og:title\" content=\"\u00c9tude Harris Interactive : qui se revendique vraiment f\u00e9ministe ?\" \/>\n<meta property=\"og:description\" content=\"Dans le monde contemporain, le terme &quot;f\u00e9minisme&quot; fait l&#039;objet de d\u00e9bats enflamm\u00e9s et de perceptions diverses, souvent teint\u00e9es de pr\u00e9jug\u00e9s. L&#039;\u00e9tude\" \/>\n<meta property=\"og:url\" content=\"https:\/\/thefeminismproject.com\/fr\/en-vedette\/etude-harris-interactive-qui-se-revendique-vraiment-feministe\/\" \/>\n<meta property=\"og:site_name\" content=\"thefeminismproject.com\" \/>\n<meta property=\"article:published_time\" content=\"2025-04-07T06:08:29+00:00\" \/>\n<meta property=\"og:image\" content=\"https:\/\/thefeminismproject.com\/wp-content\/uploads\/2025\/04\/painting-2611922_1920.jpg\" \/>\n\t<meta property=\"og:image:width\" content=\"1489\" \/>\n\t<meta property=\"og:image:height\" content=\"1920\" \/>\n\t<meta property=\"og:image:type\" content=\"image\/jpeg\" \/>\n<meta name=\"author\" content=\"Joaquimma Anna\" \/>\n<meta name=\"twitter:card\" content=\"summary_large_image\" \/>\n<meta name=\"twitter:label1\" content=\"\u00c9crit par\" \/>\n\t<meta name=\"twitter:data1\" content=\"Joaquimma Anna\" \/>\n\t<meta name=\"twitter:label2\" content=\"Dur\u00e9e de lecture estim\u00e9e\" \/>\n\t<meta name=\"twitter:data2\" content=\"4 minutes\" \/>\n<script type=\"application\/ld+json\" class=\"yoast-schema-graph\">{\"@context\":\"https:\\\/\\\/schema.org\",\"@graph\":[{\"@type\":\"Article\",\"@id\":\"https:\\\/\\\/thefeminismproject.com\\\/fr\\\/en-vedette\\\/etude-harris-interactive-qui-se-revendique-vraiment-feministe\\\/#article\",\"isPartOf\":{\"@id\":\"https:\\\/\\\/thefeminismproject.com\\\/fr\\\/en-vedette\\\/etude-harris-interactive-qui-se-revendique-vraiment-feministe\\\/\"},\"author\":{\"name\":\"Joaquimma Anna\",\"@id\":\"https:\\\/\\\/thefeminismproject.com\\\/fr\\\/#\\\/schema\\\/person\\\/d2d84f0918ac04ca2b9f5b912890ad51\"},\"headline\":\"\u00c9tude Harris Interactive : qui se revendique vraiment f\u00e9ministe ?\",\"datePublished\":\"2025-04-07T06:08:29+00:00\",\"mainEntityOfPage\":{\"@id\":\"https:\\\/\\\/thefeminismproject.com\\\/fr\\\/en-vedette\\\/etude-harris-interactive-qui-se-revendique-vraiment-feministe\\\/\"},\"wordCount\":863,\"commentCount\":0,\"publisher\":{\"@id\":\"https:\\\/\\\/thefeminismproject.com\\\/fr\\\/#organization\"},\"image\":{\"@id\":\"https:\\\/\\\/thefeminismproject.com\\\/fr\\\/en-vedette\\\/etude-harris-interactive-qui-se-revendique-vraiment-feministe\\\/#primaryimage\"},\"thumbnailUrl\":\"https:\\\/\\\/thefeminismproject.com\\\/wp-content\\\/uploads\\\/2025\\\/04\\\/painting-2611922_1920.jpg\",\"articleSection\":[\"En vedette\"],\"inLanguage\":\"fr-FR\",\"potentialAction\":[{\"@type\":\"CommentAction\",\"name\":\"Comment\",\"target\":[\"https:\\\/\\\/thefeminismproject.com\\\/fr\\\/en-vedette\\\/etude-harris-interactive-qui-se-revendique-vraiment-feministe\\\/#respond\"]}]},{\"@type\":\"WebPage\",\"@id\":\"https:\\\/\\\/thefeminismproject.com\\\/fr\\\/en-vedette\\\/etude-harris-interactive-qui-se-revendique-vraiment-feministe\\\/\",\"url\":\"https:\\\/\\\/thefeminismproject.com\\\/fr\\\/en-vedette\\\/etude-harris-interactive-qui-se-revendique-vraiment-feministe\\\/\",\"name\":\"\u00c9tude Harris Interactive : qui se revendique vraiment f\u00e9ministe ?\",\"isPartOf\":{\"@id\":\"https:\\\/\\\/thefeminismproject.com\\\/fr\\\/#website\"},\"primaryImageOfPage\":{\"@id\":\"https:\\\/\\\/thefeminismproject.com\\\/fr\\\/en-vedette\\\/etude-harris-interactive-qui-se-revendique-vraiment-feministe\\\/#primaryimage\"},\"image\":{\"@id\":\"https:\\\/\\\/thefeminismproject.com\\\/fr\\\/en-vedette\\\/etude-harris-interactive-qui-se-revendique-vraiment-feministe\\\/#primaryimage\"},\"thumbnailUrl\":\"https:\\\/\\\/thefeminismproject.com\\\/wp-content\\\/uploads\\\/2025\\\/04\\\/painting-2611922_1920.jpg\",\"datePublished\":\"2025-04-07T06:08:29+00:00\",\"description\":\"Dans le monde contemporain, le terme \\\"f\u00e9minisme\\\" fait l'objet de d\u00e9bats enflamm\u00e9s et de perceptions diverses, souvent teint\u00e9es de pr\u00e9jug\u00e9s. L'\u00e9tude\",\"breadcrumb\":{\"@id\":\"https:\\\/\\\/thefeminismproject.com\\\/fr\\\/en-vedette\\\/etude-harris-interactive-qui-se-revendique-vraiment-feministe\\\/#breadcrumb\"},\"inLanguage\":\"fr-FR\",\"potentialAction\":[{\"@type\":\"ReadAction\",\"target\":[\"https:\\\/\\\/thefeminismproject.com\\\/fr\\\/en-vedette\\\/etude-harris-interactive-qui-se-revendique-vraiment-feministe\\\/\"]}]},{\"@type\":\"ImageObject\",\"inLanguage\":\"fr-FR\",\"@id\":\"https:\\\/\\\/thefeminismproject.com\\\/fr\\\/en-vedette\\\/etude-harris-interactive-qui-se-revendique-vraiment-feministe\\\/#primaryimage\",\"url\":\"https:\\\/\\\/thefeminismproject.com\\\/wp-content\\\/uploads\\\/2025\\\/04\\\/painting-2611922_1920.jpg\",\"contentUrl\":\"https:\\\/\\\/thefeminismproject.com\\\/wp-content\\\/uploads\\\/2025\\\/04\\\/painting-2611922_1920.jpg\",\"width\":1489,\"height\":1920},{\"@type\":\"BreadcrumbList\",\"@id\":\"https:\\\/\\\/thefeminismproject.com\\\/fr\\\/en-vedette\\\/etude-harris-interactive-qui-se-revendique-vraiment-feministe\\\/#breadcrumb\",\"itemListElement\":[{\"@type\":\"ListItem\",\"position\":1,\"name\":\"Home\",\"item\":\"https:\\\/\\\/thefeminismproject.com\\\/fr\\\/accueil\\\/\"},{\"@type\":\"ListItem\",\"position\":2,\"name\":\"\u00c9tude Harris Interactive : qui se revendique vraiment f\u00e9ministe ?\"}]},{\"@type\":\"WebSite\",\"@id\":\"https:\\\/\\\/thefeminismproject.com\\\/fr\\\/#website\",\"url\":\"https:\\\/\\\/thefeminismproject.com\\\/fr\\\/\",\"name\":\"thefeminismproject.com\",\"description\":\"Popular culture with a feminist twist | let&#039;s talk about things that matter (news that feels right)\",\"publisher\":{\"@id\":\"https:\\\/\\\/thefeminismproject.com\\\/fr\\\/#organization\"},\"potentialAction\":[{\"@type\":\"SearchAction\",\"target\":{\"@type\":\"EntryPoint\",\"urlTemplate\":\"https:\\\/\\\/thefeminismproject.com\\\/fr\\\/?s={search_term_string}\"},\"query-input\":{\"@type\":\"PropertyValueSpecification\",\"valueRequired\":true,\"valueName\":\"search_term_string\"}}],\"inLanguage\":\"fr-FR\"},{\"@type\":\"Organization\",\"@id\":\"https:\\\/\\\/thefeminismproject.com\\\/fr\\\/#organization\",\"name\":\"thefeminismproject.com\",\"url\":\"https:\\\/\\\/thefeminismproject.com\\\/fr\\\/\",\"logo\":{\"@type\":\"ImageObject\",\"inLanguage\":\"fr-FR\",\"@id\":\"https:\\\/\\\/thefeminismproject.com\\\/fr\\\/#\\\/schema\\\/logo\\\/image\\\/\",\"url\":\"https:\\\/\\\/thefeminismproject.com\\\/wp-content\\\/uploads\\\/2024\\\/10\\\/pexels-vazhnik-7561648.jpg\",\"contentUrl\":\"https:\\\/\\\/thefeminismproject.com\\\/wp-content\\\/uploads\\\/2024\\\/10\\\/pexels-vazhnik-7561648.jpg\",\"width\":2500,\"height\":1667,\"caption\":\"thefeminismproject.com\"},\"image\":{\"@id\":\"https:\\\/\\\/thefeminismproject.com\\\/fr\\\/#\\\/schema\\\/logo\\\/image\\\/\"}},{\"@type\":\"Person\",\"@id\":\"https:\\\/\\\/thefeminismproject.com\\\/fr\\\/#\\\/schema\\\/person\\\/d2d84f0918ac04ca2b9f5b912890ad51\",\"name\":\"Joaquimma Anna\",\"image\":{\"@type\":\"ImageObject\",\"inLanguage\":\"fr-FR\",\"@id\":\"https:\\\/\\\/secure.gravatar.com\\\/avatar\\\/7d06747db1565e73d68391d596fc2eb15a10a4b4c1864574c454435523af94f1?s=96&d=mm&r=g\",\"url\":\"https:\\\/\\\/secure.gravatar.com\\\/avatar\\\/7d06747db1565e73d68391d596fc2eb15a10a4b4c1864574c454435523af94f1?s=96&d=mm&r=g\",\"contentUrl\":\"https:\\\/\\\/secure.gravatar.com\\\/avatar\\\/7d06747db1565e73d68391d596fc2eb15a10a4b4c1864574c454435523af94f1?s=96&d=mm&r=g\",\"caption\":\"Joaquimma Anna\"},\"description\":\"Hi my name Joaquimma Anna, and let's tumble down the rabbit hole of thought! At thefeminismproject.com, this blog is a whimsical carnival of ideas. As a mischievous feminism activist, I'm here to juggle the narratives of women. This project? A delightful escapade into the absurdities and splendors of our world. Expect the unexpected!\",\"sameAs\":[\"http:\\\/\\\/thefeminismproject.com\"],\"url\":\"https:\\\/\\\/thefeminismproject.com\\\/fr\\\/author\\\/bella-sungkawa\\\/\"}]}<\/script>\n<!-- \/ Yoast SEO plugin. -->","yoast_head_json":{"title":"\u00c9tude Harris Interactive : qui se revendique vraiment f\u00e9ministe ?","description":"Dans le monde contemporain, le terme \"f\u00e9minisme\" fait l'objet de d\u00e9bats enflamm\u00e9s et de perceptions diverses, souvent teint\u00e9es de pr\u00e9jug\u00e9s. L'\u00e9tude","robots":{"index":"index","follow":"follow","max-snippet":"max-snippet:-1","max-image-preview":"max-image-preview:large","max-video-preview":"max-video-preview:-1"},"canonical":"https:\/\/thefeminismproject.com\/fr\/en-vedette\/etude-harris-interactive-qui-se-revendique-vraiment-feministe\/","og_locale":"fr_FR","og_type":"article","og_title":"\u00c9tude Harris Interactive : qui se revendique vraiment f\u00e9ministe ?","og_description":"Dans le monde contemporain, le terme \"f\u00e9minisme\" fait l'objet de d\u00e9bats enflamm\u00e9s et de perceptions diverses, souvent teint\u00e9es de pr\u00e9jug\u00e9s. L'\u00e9tude","og_url":"https:\/\/thefeminismproject.com\/fr\/en-vedette\/etude-harris-interactive-qui-se-revendique-vraiment-feministe\/","og_site_name":"thefeminismproject.com","article_published_time":"2025-04-07T06:08:29+00:00","og_image":[{"width":1489,"height":1920,"url":"https:\/\/thefeminismproject.com\/wp-content\/uploads\/2025\/04\/painting-2611922_1920.jpg","type":"image\/jpeg"}],"author":"Joaquimma Anna","twitter_card":"summary_large_image","twitter_misc":{"\u00c9crit par":"Joaquimma Anna","Dur\u00e9e de lecture estim\u00e9e":"4 minutes"},"schema":{"@context":"https:\/\/schema.org","@graph":[{"@type":"Article","@id":"https:\/\/thefeminismproject.com\/fr\/en-vedette\/etude-harris-interactive-qui-se-revendique-vraiment-feministe\/#article","isPartOf":{"@id":"https:\/\/thefeminismproject.com\/fr\/en-vedette\/etude-harris-interactive-qui-se-revendique-vraiment-feministe\/"},"author":{"name":"Joaquimma Anna","@id":"https:\/\/thefeminismproject.com\/fr\/#\/schema\/person\/d2d84f0918ac04ca2b9f5b912890ad51"},"headline":"\u00c9tude Harris Interactive : qui se revendique vraiment f\u00e9ministe ?","datePublished":"2025-04-07T06:08:29+00:00","mainEntityOfPage":{"@id":"https:\/\/thefeminismproject.com\/fr\/en-vedette\/etude-harris-interactive-qui-se-revendique-vraiment-feministe\/"},"wordCount":863,"commentCount":0,"publisher":{"@id":"https:\/\/thefeminismproject.com\/fr\/#organization"},"image":{"@id":"https:\/\/thefeminismproject.com\/fr\/en-vedette\/etude-harris-interactive-qui-se-revendique-vraiment-feministe\/#primaryimage"},"thumbnailUrl":"https:\/\/thefeminismproject.com\/wp-content\/uploads\/2025\/04\/painting-2611922_1920.jpg","articleSection":["En vedette"],"inLanguage":"fr-FR","potentialAction":[{"@type":"CommentAction","name":"Comment","target":["https:\/\/thefeminismproject.com\/fr\/en-vedette\/etude-harris-interactive-qui-se-revendique-vraiment-feministe\/#respond"]}]},{"@type":"WebPage","@id":"https:\/\/thefeminismproject.com\/fr\/en-vedette\/etude-harris-interactive-qui-se-revendique-vraiment-feministe\/","url":"https:\/\/thefeminismproject.com\/fr\/en-vedette\/etude-harris-interactive-qui-se-revendique-vraiment-feministe\/","name":"\u00c9tude Harris Interactive : qui se revendique vraiment f\u00e9ministe ?","isPartOf":{"@id":"https:\/\/thefeminismproject.com\/fr\/#website"},"primaryImageOfPage":{"@id":"https:\/\/thefeminismproject.com\/fr\/en-vedette\/etude-harris-interactive-qui-se-revendique-vraiment-feministe\/#primaryimage"},"image":{"@id":"https:\/\/thefeminismproject.com\/fr\/en-vedette\/etude-harris-interactive-qui-se-revendique-vraiment-feministe\/#primaryimage"},"thumbnailUrl":"https:\/\/thefeminismproject.com\/wp-content\/uploads\/2025\/04\/painting-2611922_1920.jpg","datePublished":"2025-04-07T06:08:29+00:00","description":"Dans le monde contemporain, le terme \"f\u00e9minisme\" fait l'objet de d\u00e9bats enflamm\u00e9s et de perceptions diverses, souvent teint\u00e9es de pr\u00e9jug\u00e9s. L'\u00e9tude","breadcrumb":{"@id":"https:\/\/thefeminismproject.com\/fr\/en-vedette\/etude-harris-interactive-qui-se-revendique-vraiment-feministe\/#breadcrumb"},"inLanguage":"fr-FR","potentialAction":[{"@type":"ReadAction","target":["https:\/\/thefeminismproject.com\/fr\/en-vedette\/etude-harris-interactive-qui-se-revendique-vraiment-feministe\/"]}]},{"@type":"ImageObject","inLanguage":"fr-FR","@id":"https:\/\/thefeminismproject.com\/fr\/en-vedette\/etude-harris-interactive-qui-se-revendique-vraiment-feministe\/#primaryimage","url":"https:\/\/thefeminismproject.com\/wp-content\/uploads\/2025\/04\/painting-2611922_1920.jpg","contentUrl":"https:\/\/thefeminismproject.com\/wp-content\/uploads\/2025\/04\/painting-2611922_1920.jpg","width":1489,"height":1920},{"@type":"BreadcrumbList","@id":"https:\/\/thefeminismproject.com\/fr\/en-vedette\/etude-harris-interactive-qui-se-revendique-vraiment-feministe\/#breadcrumb","itemListElement":[{"@type":"ListItem","position":1,"name":"Home","item":"https:\/\/thefeminismproject.com\/fr\/accueil\/"},{"@type":"ListItem","position":2,"name":"\u00c9tude Harris Interactive : qui se revendique vraiment f\u00e9ministe ?"}]},{"@type":"WebSite","@id":"https:\/\/thefeminismproject.com\/fr\/#website","url":"https:\/\/thefeminismproject.com\/fr\/","name":"thefeminismproject.com","description":"Popular culture with a feminist twist | let&#039;s talk about things that matter (news that feels right)","publisher":{"@id":"https:\/\/thefeminismproject.com\/fr\/#organization"},"potentialAction":[{"@type":"SearchAction","target":{"@type":"EntryPoint","urlTemplate":"https:\/\/thefeminismproject.com\/fr\/?s={search_term_string}"},"query-input":{"@type":"PropertyValueSpecification","valueRequired":true,"valueName":"search_term_string"}}],"inLanguage":"fr-FR"},{"@type":"Organization","@id":"https:\/\/thefeminismproject.com\/fr\/#organization","name":"thefeminismproject.com","url":"https:\/\/thefeminismproject.com\/fr\/","logo":{"@type":"ImageObject","inLanguage":"fr-FR","@id":"https:\/\/thefeminismproject.com\/fr\/#\/schema\/logo\/image\/","url":"https:\/\/thefeminismproject.com\/wp-content\/uploads\/2024\/10\/pexels-vazhnik-7561648.jpg","contentUrl":"https:\/\/thefeminismproject.com\/wp-content\/uploads\/2024\/10\/pexels-vazhnik-7561648.jpg","width":2500,"height":1667,"caption":"thefeminismproject.com"},"image":{"@id":"https:\/\/thefeminismproject.com\/fr\/#\/schema\/logo\/image\/"}},{"@type":"Person","@id":"https:\/\/thefeminismproject.com\/fr\/#\/schema\/person\/d2d84f0918ac04ca2b9f5b912890ad51","name":"Joaquimma Anna","image":{"@type":"ImageObject","inLanguage":"fr-FR","@id":"https:\/\/secure.gravatar.com\/avatar\/7d06747db1565e73d68391d596fc2eb15a10a4b4c1864574c454435523af94f1?s=96&d=mm&r=g","url":"https:\/\/secure.gravatar.com\/avatar\/7d06747db1565e73d68391d596fc2eb15a10a4b4c1864574c454435523af94f1?s=96&d=mm&r=g","contentUrl":"https:\/\/secure.gravatar.com\/avatar\/7d06747db1565e73d68391d596fc2eb15a10a4b4c1864574c454435523af94f1?s=96&d=mm&r=g","caption":"Joaquimma Anna"},"description":"Hi my name Joaquimma Anna, and let's tumble down the rabbit hole of thought! At thefeminismproject.com, this blog is a whimsical carnival of ideas. As a mischievous feminism activist, I'm here to juggle the narratives of women. This project? A delightful escapade into the absurdities and splendors of our world. Expect the unexpected!","sameAs":["http:\/\/thefeminismproject.com"],"url":"https:\/\/thefeminismproject.com\/fr\/author\/bella-sungkawa\/"}]}},"_links":{"self":[{"href":"https:\/\/thefeminismproject.com\/fr\/wp-json\/wp\/v2\/posts\/1041734","targetHints":{"allow":["GET"]}}],"collection":[{"href":"https:\/\/thefeminismproject.com\/fr\/wp-json\/wp\/v2\/posts"}],"about":[{"href":"https:\/\/thefeminismproject.com\/fr\/wp-json\/wp\/v2\/types\/post"}],"author":[{"embeddable":true,"href":"https:\/\/thefeminismproject.com\/fr\/wp-json\/wp\/v2\/users\/1"}],"replies":[{"embeddable":true,"href":"https:\/\/thefeminismproject.com\/fr\/wp-json\/wp\/v2\/comments?post=1041734"}],"version-history":[{"count":0,"href":"https:\/\/thefeminismproject.com\/fr\/wp-json\/wp\/v2\/posts\/1041734\/revisions"}],"wp:featuredmedia":[{"embeddable":true,"href":"https:\/\/thefeminismproject.com\/fr\/wp-json\/wp\/v2\/media\/1041735"}],"wp:attachment":[{"href":"https:\/\/thefeminismproject.com\/fr\/wp-json\/wp\/v2\/media?parent=1041734"}],"wp:term":[{"taxonomy":"category","embeddable":true,"href":"https:\/\/thefeminismproject.com\/fr\/wp-json\/wp\/v2\/categories?post=1041734"},{"taxonomy":"post_tag","embeddable":true,"href":"https:\/\/thefeminismproject.com\/fr\/wp-json\/wp\/v2\/tags?post=1041734"}],"curies":[{"name":"wp","href":"https:\/\/api.w.org\/{rel}","templated":true}]}}