{"id":1041746,"date":"2025-04-07T10:36:18","date_gmt":"2025-04-07T10:36:18","guid":{"rendered":"https:\/\/thefeminismproject.com\/non-categorise\/afro-feminisme-explique-simplement-qui-sont-ses-actrices-et-acteurs\/"},"modified":"2025-04-07T10:36:18","modified_gmt":"2025-04-07T10:36:18","slug":"afro-feminisme-explique-simplement-qui-sont-ses-actrices-et-acteurs","status":"publish","type":"post","link":"https:\/\/thefeminismproject.com\/fr\/en-vedette\/afro-feminisme-explique-simplement-qui-sont-ses-actrices-et-acteurs\/","title":{"rendered":"Afro-f\u00e9minisme expliqu\u00e9 simplement : qui sont ses actrices et acteurs ?"},"content":{"rendered":"<p>Dans l&rsquo;\u00e9chiquier complexe des luttes f\u00e9ministes, l&rsquo;Afrique et sa diaspora se pr\u00e9sentent comme des acteurs incontournables. L&rsquo;afro-f\u00e9minisme, sous ses multiples facettes, s&rsquo;impose comme une r\u00e9ponse \u00e0 la dichotomie des r\u00e9cits dominant et marginalis\u00e9. C&rsquo;est une mouvance qui transcende les fronti\u00e8res g\u00e9ographiques et culturelles, exaltant une voix qui, trop souvent, a \u00e9t\u00e9 \u00e9touff\u00e9e. Qui sont donc ses actrices et acteurs, ces fervents d\u00e9fenseurs d\u2019une cause qui allie la lutte contre le racisme et le sexisme ?<\/p>\n<p>Les militants de l&rsquo;afro-f\u00e9minisme ne se contentent pas de revendiquer une place \u00e0 la table f\u00e9ministe ; ils s&rsquo;approprient la table elle-m\u00eame, tout en la redessinant. On peut les envisager comme des architectes d&rsquo;une nouvelle soci\u00e9t\u00e9, o\u00f9 chaque pierre est taill\u00e9e avec soin, puis \u00e9rig\u00e9e pour d\u00e9fendre la dignit\u00e9 des femmes afrodescendantes. Au c\u0153ur de ce mouvement se trouvent des figures embl\u00e9matiques, des intellectuelles et des activistes qui s\u2019engagent non seulement pour elles-m\u00eames, mais pour toutes celles qui ont \u00e9t\u00e9 invisibilis\u00e9es.<\/p>\n<p>Parmi les grandes voix de l&rsquo;afro-f\u00e9minisme, bell hooks et Angela Davis se d\u00e9marquent. Leur discours ne se cantonne pas \u00e0 une seule dimension. Elles fusionnent le f\u00e9minisme noir avec d&rsquo;autres luttes, explorant les intersections entre la race, le genre, la classe et la sexualit\u00e9. hooks, \u00e0 travers son \u0153uvre prolifique, red\u00e9finit le f\u00e9minisme en l&rsquo;ancrant dans un contexte de lutte contre le racisme. Son approche inclusive est un appel vibrant \u00e0 la solidarit\u00e9. Davis, quant \u00e0 elle, incarne l&rsquo;id\u00e9e que casser les cha\u00eenes de l&rsquo;oppression n\u00e9cessite une lutte collective. Leurs voix r\u00e9sonnent comme un \u00e9cho puissant, rappelant que l&rsquo;\u00e9mancipation ne peut jamais \u00eatre isol\u00e9e.<\/p>\n<p>Mais l&rsquo;afro-f\u00e9minisme ce n\u2019est pas que du pass\u00e9, c\u2019est aussi un mouvement en plein essor. Des voix contemporaines, telles que celles de la po\u00e9tesse Audre Lorde ou de l&rsquo;activiste Oumou Sangar\u00e9, se font \u00e9galement entendre. Elles articulent les d\u00e9fis d\u2019aujourd\u2019hui avec une po\u00e9sie urgente. L&rsquo;actrice et r\u00e9alisatrice Alice Diop, par exemple, utilise le cin\u00e9ma pour d\u00e9peindre des r\u00e9alit\u00e9s souvent occult\u00e9es et, \u00e0 travers ce medium, engage le public dans une r\u00e9flexion n\u00e9cessaire. Ce croisement d&rsquo;art et d&rsquo;activisme est une nouvelle arme, une mani\u00e8re de sensibiliser mais aussi de provoquer. Chaque image, chaque mot devient une fl\u00e8che, tir\u00e9e vers le c\u0153ur des pr\u00e9jug\u00e9s raciaux et sexistes.<\/p>\n<p>Un \u00e9l\u00e9ment distinctif de l&rsquo;afro-f\u00e9minisme r\u00e9side dans sa capacit\u00e9 \u00e0 tisser des liens avec d&rsquo;autres formes de r\u00e9sistance. Ce mouvement ne s&rsquo;isole pas dans un combat silo\u00e9 ; il dialogue avec le postcolonialisme, le d\u00e9colonialisme et m\u00eame l&rsquo;\u00e9cologie. L&rsquo;\u00e9crivaine et militante franco-s\u00e9n\u00e9galaise Aminata Traor\u00e9 \u00e9voque cet aspect. Elle rappelle que la lutte pour la justice sociale ne peut pas \u00eatre dissoci\u00e9e de la lutte pour la justice environnementale. Cela cr\u00e9e une choralit\u00e9 d&rsquo;intersections o\u00f9 le f\u00e9minisme devient non seulement une question de genre, mais un appel \u00e0 la justice globale.<\/p>\n<p>\u00c9videmment, la route est parsem\u00e9e d&#8217;emb\u00fbches. La lutte pour les droits des femmes afrodescendantes est entrav\u00e9e par des dysfonctionnements syst\u00e9miques profond\u00e9ment enracin\u00e9s. Les f\u00e9ministes blanches pr\u00eachent souvent l&rsquo;universalit\u00e9 de leur lutte, mais cela devient un \u00e9cran qui masque les v\u00e9ritables enjeux rencontr\u00e9s par les femmes de couleur. L&rsquo;afro-f\u00e9minisme, en tant que contre-culture, ne demande pas une place, mais restitue un espace longtemps refus\u00e9. C\u2019est un cri puissant pour une intersectionnalit\u00e9 qui d\u00e9passe les simples mots et qui entre dans l&rsquo;ar\u00e8ne des actes.<\/p>\n<p>Mais que serait un mouvement sans sa base ? Les personnes ordinaires, les militantes locales, les m\u00e8res qui \u00e9l\u00e8vent leurs filles dans des communaut\u00e9s pr\u00e9caires, elles constituent l&rsquo;armature de cet \u00e9difice. Ces femmes, souvent pr\u00eates \u00e0 se sacrifier pour le bien collectif, sont les v\u00e9ritables actrices de l&rsquo;afro-f\u00e9minisme. Dans chaque quartier, chaque ville, des voix s\u2019unissent pour d\u00e9fendre un espace o\u00f9 les droits humains s&rsquo;appliquent \u00e0 tous, sans distinction.<\/p>\n<p>Il est imp\u00e9ratif de comprendre que l&rsquo;afro-f\u00e9minisme n&rsquo;est pas un caprice intellectuel, mais une n\u00e9cessit\u00e9 existentielle. Les d\u00e9fis qu\u2019il aborde sont d&rsquo;une actualit\u00e9 br\u00fblante. Les violences faites aux femmes, les discriminations raciales syst\u00e9miques et les in\u00e9galit\u00e9s de genre sont toujours omnipr\u00e9sentes. Ce mouvement offre non seulement une critique de la soci\u00e9t\u00e9, mais aussi des solutions, invitant chacun \u00e0 participer \u00e0 ce changement monumental.<\/p>\n<p>En somme, l&rsquo;afro-f\u00e9minisme s&rsquo;inscrit comme un mouvement de r\u00e9sistance, un appel \u00e0 l\u2019\u00e9mancipation collective qui transgresse les normes traditionnelles. Comprendre qui sont ses actrices et acteurs, c\u2019est saisir la richesse et la diversit\u00e9 de leurs contributions. C&rsquo;est reconna\u00eetre ce chant choral, compos\u00e9 de voix uniques, mais qui s&rsquo;\u00e9l\u00e8vent en une symphonie harmonieuse pour r\u00e9clamer une soci\u00e9t\u00e9 plus juste. Le temps est venu non seulement d&rsquo;\u00e9couter, mais aussi d\u2019agir, car l\u2019avenir des luttes f\u00e9ministes repose sur ces fondations afro-f\u00e9ministes. L\u2019heure est \u00e0 la convergence, car chaque effort compte dans la qu\u00eate d\u2019un monde o\u00f9 toutes les femmes, quelle que soit leur couleur ou leur origine, pourront s\u2019\u00e9panouir librement.<\/p>\n","protected":false},"excerpt":{"rendered":"<p>Dans l&rsquo;\u00e9chiquier complexe des luttes f\u00e9ministes, l&rsquo;Afrique et sa diaspora se pr\u00e9sentent comme des acteurs incontournables. L&rsquo;afro-f\u00e9minisme, sous ses multiples facettes, s&rsquo;impose comme une r\u00e9ponse \u00e0 la dichotomie des r\u00e9cits dominant et marginalis\u00e9. C&rsquo;est une mouvance qui transcende les fronti\u00e8res g\u00e9ographiques et culturelles, exaltant une voix qui, trop souvent, a \u00e9t\u00e9 \u00e9touff\u00e9e. Qui sont donc [&hellip;]<\/p>\n","protected":false},"author":1,"featured_media":1041747,"comment_status":"open","ping_status":"open","sticky":false,"template":"","format":"standard","meta":{"footnotes":""},"categories":[77],"tags":[],"class_list":{"0":"post-1041746","1":"post","2":"type-post","3":"status-publish","4":"format-standard","5":"has-post-thumbnail","7":"category-en-vedette"},"yoast_head":"<!-- This site is optimized with the Yoast SEO plugin v27.4 - https:\/\/yoast.com\/product\/yoast-seo-wordpress\/ -->\n<title>Afro-f\u00e9minisme expliqu\u00e9 simplement : qui sont ses actrices et acteurs ?<\/title>\n<meta name=\"description\" content=\"Dans l&#039;\u00e9chiquier complexe des luttes f\u00e9ministes, l&#039;Afrique et sa diaspora se pr\u00e9sentent comme des acteurs incontournables. L&#039;afro-f\u00e9minisme, sous ses\" \/>\n<meta name=\"robots\" content=\"index, follow, max-snippet:-1, max-image-preview:large, max-video-preview:-1\" \/>\n<link rel=\"canonical\" href=\"https:\/\/thefeminismproject.com\/fr\/en-vedette\/afro-feminisme-explique-simplement-qui-sont-ses-actrices-et-acteurs\/\" \/>\n<meta property=\"og:locale\" content=\"fr_FR\" \/>\n<meta property=\"og:type\" content=\"article\" \/>\n<meta property=\"og:title\" content=\"Afro-f\u00e9minisme expliqu\u00e9 simplement : qui sont ses actrices et acteurs ?\" \/>\n<meta property=\"og:description\" content=\"Dans l&#039;\u00e9chiquier complexe des luttes f\u00e9ministes, l&#039;Afrique et sa diaspora se pr\u00e9sentent comme des acteurs incontournables. L&#039;afro-f\u00e9minisme, sous ses\" \/>\n<meta property=\"og:url\" content=\"https:\/\/thefeminismproject.com\/fr\/en-vedette\/afro-feminisme-explique-simplement-qui-sont-ses-actrices-et-acteurs\/\" \/>\n<meta property=\"og:site_name\" content=\"thefeminismproject.com\" \/>\n<meta property=\"article:published_time\" content=\"2025-04-07T10:36:18+00:00\" \/>\n<meta property=\"og:image\" content=\"https:\/\/thefeminismproject.com\/wp-content\/uploads\/2025\/04\/afro-feminisme.jpg\" \/>\n\t<meta property=\"og:image:width\" content=\"640\" \/>\n\t<meta property=\"og:image:height\" content=\"420\" \/>\n\t<meta property=\"og:image:type\" content=\"image\/jpeg\" \/>\n<meta name=\"author\" content=\"Joaquimma Anna\" \/>\n<meta name=\"twitter:card\" content=\"summary_large_image\" \/>\n<meta name=\"twitter:label1\" content=\"\u00c9crit par\" \/>\n\t<meta name=\"twitter:data1\" content=\"Joaquimma Anna\" \/>\n\t<meta name=\"twitter:label2\" content=\"Dur\u00e9e de lecture estim\u00e9e\" \/>\n\t<meta name=\"twitter:data2\" content=\"4 minutes\" \/>\n<script type=\"application\/ld+json\" class=\"yoast-schema-graph\">{\"@context\":\"https:\\\/\\\/schema.org\",\"@graph\":[{\"@type\":\"Article\",\"@id\":\"https:\\\/\\\/thefeminismproject.com\\\/fr\\\/en-vedette\\\/afro-feminisme-explique-simplement-qui-sont-ses-actrices-et-acteurs\\\/#article\",\"isPartOf\":{\"@id\":\"https:\\\/\\\/thefeminismproject.com\\\/fr\\\/en-vedette\\\/afro-feminisme-explique-simplement-qui-sont-ses-actrices-et-acteurs\\\/\"},\"author\":{\"name\":\"Joaquimma Anna\",\"@id\":\"https:\\\/\\\/thefeminismproject.com\\\/fr\\\/#\\\/schema\\\/person\\\/d2d84f0918ac04ca2b9f5b912890ad51\"},\"headline\":\"Afro-f\u00e9minisme expliqu\u00e9 simplement : qui sont ses actrices et acteurs ?\",\"datePublished\":\"2025-04-07T10:36:18+00:00\",\"mainEntityOfPage\":{\"@id\":\"https:\\\/\\\/thefeminismproject.com\\\/fr\\\/en-vedette\\\/afro-feminisme-explique-simplement-qui-sont-ses-actrices-et-acteurs\\\/\"},\"wordCount\":922,\"commentCount\":0,\"publisher\":{\"@id\":\"https:\\\/\\\/thefeminismproject.com\\\/fr\\\/#organization\"},\"image\":{\"@id\":\"https:\\\/\\\/thefeminismproject.com\\\/fr\\\/en-vedette\\\/afro-feminisme-explique-simplement-qui-sont-ses-actrices-et-acteurs\\\/#primaryimage\"},\"thumbnailUrl\":\"https:\\\/\\\/thefeminismproject.com\\\/wp-content\\\/uploads\\\/2025\\\/04\\\/afro-feminisme.jpg\",\"articleSection\":[\"En vedette\"],\"inLanguage\":\"fr-FR\",\"potentialAction\":[{\"@type\":\"CommentAction\",\"name\":\"Comment\",\"target\":[\"https:\\\/\\\/thefeminismproject.com\\\/fr\\\/en-vedette\\\/afro-feminisme-explique-simplement-qui-sont-ses-actrices-et-acteurs\\\/#respond\"]}]},{\"@type\":\"WebPage\",\"@id\":\"https:\\\/\\\/thefeminismproject.com\\\/fr\\\/en-vedette\\\/afro-feminisme-explique-simplement-qui-sont-ses-actrices-et-acteurs\\\/\",\"url\":\"https:\\\/\\\/thefeminismproject.com\\\/fr\\\/en-vedette\\\/afro-feminisme-explique-simplement-qui-sont-ses-actrices-et-acteurs\\\/\",\"name\":\"Afro-f\u00e9minisme expliqu\u00e9 simplement : qui sont ses actrices et acteurs ?\",\"isPartOf\":{\"@id\":\"https:\\\/\\\/thefeminismproject.com\\\/fr\\\/#website\"},\"primaryImageOfPage\":{\"@id\":\"https:\\\/\\\/thefeminismproject.com\\\/fr\\\/en-vedette\\\/afro-feminisme-explique-simplement-qui-sont-ses-actrices-et-acteurs\\\/#primaryimage\"},\"image\":{\"@id\":\"https:\\\/\\\/thefeminismproject.com\\\/fr\\\/en-vedette\\\/afro-feminisme-explique-simplement-qui-sont-ses-actrices-et-acteurs\\\/#primaryimage\"},\"thumbnailUrl\":\"https:\\\/\\\/thefeminismproject.com\\\/wp-content\\\/uploads\\\/2025\\\/04\\\/afro-feminisme.jpg\",\"datePublished\":\"2025-04-07T10:36:18+00:00\",\"description\":\"Dans l'\u00e9chiquier complexe des luttes f\u00e9ministes, l'Afrique et sa diaspora se pr\u00e9sentent comme des acteurs incontournables. L'afro-f\u00e9minisme, sous ses\",\"breadcrumb\":{\"@id\":\"https:\\\/\\\/thefeminismproject.com\\\/fr\\\/en-vedette\\\/afro-feminisme-explique-simplement-qui-sont-ses-actrices-et-acteurs\\\/#breadcrumb\"},\"inLanguage\":\"fr-FR\",\"potentialAction\":[{\"@type\":\"ReadAction\",\"target\":[\"https:\\\/\\\/thefeminismproject.com\\\/fr\\\/en-vedette\\\/afro-feminisme-explique-simplement-qui-sont-ses-actrices-et-acteurs\\\/\"]}]},{\"@type\":\"ImageObject\",\"inLanguage\":\"fr-FR\",\"@id\":\"https:\\\/\\\/thefeminismproject.com\\\/fr\\\/en-vedette\\\/afro-feminisme-explique-simplement-qui-sont-ses-actrices-et-acteurs\\\/#primaryimage\",\"url\":\"https:\\\/\\\/thefeminismproject.com\\\/wp-content\\\/uploads\\\/2025\\\/04\\\/afro-feminisme.jpg\",\"contentUrl\":\"https:\\\/\\\/thefeminismproject.com\\\/wp-content\\\/uploads\\\/2025\\\/04\\\/afro-feminisme.jpg\",\"width\":640,\"height\":420},{\"@type\":\"BreadcrumbList\",\"@id\":\"https:\\\/\\\/thefeminismproject.com\\\/fr\\\/en-vedette\\\/afro-feminisme-explique-simplement-qui-sont-ses-actrices-et-acteurs\\\/#breadcrumb\",\"itemListElement\":[{\"@type\":\"ListItem\",\"position\":1,\"name\":\"Home\",\"item\":\"https:\\\/\\\/thefeminismproject.com\\\/fr\\\/accueil\\\/\"},{\"@type\":\"ListItem\",\"position\":2,\"name\":\"Afro-f\u00e9minisme expliqu\u00e9 simplement : qui sont ses actrices et acteurs ?\"}]},{\"@type\":\"WebSite\",\"@id\":\"https:\\\/\\\/thefeminismproject.com\\\/fr\\\/#website\",\"url\":\"https:\\\/\\\/thefeminismproject.com\\\/fr\\\/\",\"name\":\"thefeminismproject.com\",\"description\":\"Popular culture with a feminist twist | let&#039;s talk about things that matter (news that feels right)\",\"publisher\":{\"@id\":\"https:\\\/\\\/thefeminismproject.com\\\/fr\\\/#organization\"},\"potentialAction\":[{\"@type\":\"SearchAction\",\"target\":{\"@type\":\"EntryPoint\",\"urlTemplate\":\"https:\\\/\\\/thefeminismproject.com\\\/fr\\\/?s={search_term_string}\"},\"query-input\":{\"@type\":\"PropertyValueSpecification\",\"valueRequired\":true,\"valueName\":\"search_term_string\"}}],\"inLanguage\":\"fr-FR\"},{\"@type\":\"Organization\",\"@id\":\"https:\\\/\\\/thefeminismproject.com\\\/fr\\\/#organization\",\"name\":\"thefeminismproject.com\",\"url\":\"https:\\\/\\\/thefeminismproject.com\\\/fr\\\/\",\"logo\":{\"@type\":\"ImageObject\",\"inLanguage\":\"fr-FR\",\"@id\":\"https:\\\/\\\/thefeminismproject.com\\\/fr\\\/#\\\/schema\\\/logo\\\/image\\\/\",\"url\":\"https:\\\/\\\/thefeminismproject.com\\\/wp-content\\\/uploads\\\/2024\\\/10\\\/pexels-vazhnik-7561648.jpg\",\"contentUrl\":\"https:\\\/\\\/thefeminismproject.com\\\/wp-content\\\/uploads\\\/2024\\\/10\\\/pexels-vazhnik-7561648.jpg\",\"width\":2500,\"height\":1667,\"caption\":\"thefeminismproject.com\"},\"image\":{\"@id\":\"https:\\\/\\\/thefeminismproject.com\\\/fr\\\/#\\\/schema\\\/logo\\\/image\\\/\"}},{\"@type\":\"Person\",\"@id\":\"https:\\\/\\\/thefeminismproject.com\\\/fr\\\/#\\\/schema\\\/person\\\/d2d84f0918ac04ca2b9f5b912890ad51\",\"name\":\"Joaquimma Anna\",\"image\":{\"@type\":\"ImageObject\",\"inLanguage\":\"fr-FR\",\"@id\":\"https:\\\/\\\/secure.gravatar.com\\\/avatar\\\/7d06747db1565e73d68391d596fc2eb15a10a4b4c1864574c454435523af94f1?s=96&d=mm&r=g\",\"url\":\"https:\\\/\\\/secure.gravatar.com\\\/avatar\\\/7d06747db1565e73d68391d596fc2eb15a10a4b4c1864574c454435523af94f1?s=96&d=mm&r=g\",\"contentUrl\":\"https:\\\/\\\/secure.gravatar.com\\\/avatar\\\/7d06747db1565e73d68391d596fc2eb15a10a4b4c1864574c454435523af94f1?s=96&d=mm&r=g\",\"caption\":\"Joaquimma Anna\"},\"description\":\"Hi my name Joaquimma Anna, and let's tumble down the rabbit hole of thought! At thefeminismproject.com, this blog is a whimsical carnival of ideas. As a mischievous feminism activist, I'm here to juggle the narratives of women. This project? A delightful escapade into the absurdities and splendors of our world. Expect the unexpected!\",\"sameAs\":[\"http:\\\/\\\/thefeminismproject.com\"],\"url\":\"https:\\\/\\\/thefeminismproject.com\\\/fr\\\/author\\\/bella-sungkawa\\\/\"}]}<\/script>\n<!-- \/ Yoast SEO plugin. -->","yoast_head_json":{"title":"Afro-f\u00e9minisme expliqu\u00e9 simplement : qui sont ses actrices et acteurs ?","description":"Dans l'\u00e9chiquier complexe des luttes f\u00e9ministes, l'Afrique et sa diaspora se pr\u00e9sentent comme des acteurs incontournables. L'afro-f\u00e9minisme, sous ses","robots":{"index":"index","follow":"follow","max-snippet":"max-snippet:-1","max-image-preview":"max-image-preview:large","max-video-preview":"max-video-preview:-1"},"canonical":"https:\/\/thefeminismproject.com\/fr\/en-vedette\/afro-feminisme-explique-simplement-qui-sont-ses-actrices-et-acteurs\/","og_locale":"fr_FR","og_type":"article","og_title":"Afro-f\u00e9minisme expliqu\u00e9 simplement : qui sont ses actrices et acteurs ?","og_description":"Dans l'\u00e9chiquier complexe des luttes f\u00e9ministes, l'Afrique et sa diaspora se pr\u00e9sentent comme des acteurs incontournables. L'afro-f\u00e9minisme, sous ses","og_url":"https:\/\/thefeminismproject.com\/fr\/en-vedette\/afro-feminisme-explique-simplement-qui-sont-ses-actrices-et-acteurs\/","og_site_name":"thefeminismproject.com","article_published_time":"2025-04-07T10:36:18+00:00","og_image":[{"width":640,"height":420,"url":"https:\/\/thefeminismproject.com\/wp-content\/uploads\/2025\/04\/afro-feminisme.jpg","type":"image\/jpeg"}],"author":"Joaquimma Anna","twitter_card":"summary_large_image","twitter_misc":{"\u00c9crit par":"Joaquimma Anna","Dur\u00e9e de lecture estim\u00e9e":"4 minutes"},"schema":{"@context":"https:\/\/schema.org","@graph":[{"@type":"Article","@id":"https:\/\/thefeminismproject.com\/fr\/en-vedette\/afro-feminisme-explique-simplement-qui-sont-ses-actrices-et-acteurs\/#article","isPartOf":{"@id":"https:\/\/thefeminismproject.com\/fr\/en-vedette\/afro-feminisme-explique-simplement-qui-sont-ses-actrices-et-acteurs\/"},"author":{"name":"Joaquimma Anna","@id":"https:\/\/thefeminismproject.com\/fr\/#\/schema\/person\/d2d84f0918ac04ca2b9f5b912890ad51"},"headline":"Afro-f\u00e9minisme expliqu\u00e9 simplement : qui sont ses actrices et acteurs ?","datePublished":"2025-04-07T10:36:18+00:00","mainEntityOfPage":{"@id":"https:\/\/thefeminismproject.com\/fr\/en-vedette\/afro-feminisme-explique-simplement-qui-sont-ses-actrices-et-acteurs\/"},"wordCount":922,"commentCount":0,"publisher":{"@id":"https:\/\/thefeminismproject.com\/fr\/#organization"},"image":{"@id":"https:\/\/thefeminismproject.com\/fr\/en-vedette\/afro-feminisme-explique-simplement-qui-sont-ses-actrices-et-acteurs\/#primaryimage"},"thumbnailUrl":"https:\/\/thefeminismproject.com\/wp-content\/uploads\/2025\/04\/afro-feminisme.jpg","articleSection":["En vedette"],"inLanguage":"fr-FR","potentialAction":[{"@type":"CommentAction","name":"Comment","target":["https:\/\/thefeminismproject.com\/fr\/en-vedette\/afro-feminisme-explique-simplement-qui-sont-ses-actrices-et-acteurs\/#respond"]}]},{"@type":"WebPage","@id":"https:\/\/thefeminismproject.com\/fr\/en-vedette\/afro-feminisme-explique-simplement-qui-sont-ses-actrices-et-acteurs\/","url":"https:\/\/thefeminismproject.com\/fr\/en-vedette\/afro-feminisme-explique-simplement-qui-sont-ses-actrices-et-acteurs\/","name":"Afro-f\u00e9minisme expliqu\u00e9 simplement : qui sont ses actrices et acteurs ?","isPartOf":{"@id":"https:\/\/thefeminismproject.com\/fr\/#website"},"primaryImageOfPage":{"@id":"https:\/\/thefeminismproject.com\/fr\/en-vedette\/afro-feminisme-explique-simplement-qui-sont-ses-actrices-et-acteurs\/#primaryimage"},"image":{"@id":"https:\/\/thefeminismproject.com\/fr\/en-vedette\/afro-feminisme-explique-simplement-qui-sont-ses-actrices-et-acteurs\/#primaryimage"},"thumbnailUrl":"https:\/\/thefeminismproject.com\/wp-content\/uploads\/2025\/04\/afro-feminisme.jpg","datePublished":"2025-04-07T10:36:18+00:00","description":"Dans l'\u00e9chiquier complexe des luttes f\u00e9ministes, l'Afrique et sa diaspora se pr\u00e9sentent comme des acteurs incontournables. L'afro-f\u00e9minisme, sous ses","breadcrumb":{"@id":"https:\/\/thefeminismproject.com\/fr\/en-vedette\/afro-feminisme-explique-simplement-qui-sont-ses-actrices-et-acteurs\/#breadcrumb"},"inLanguage":"fr-FR","potentialAction":[{"@type":"ReadAction","target":["https:\/\/thefeminismproject.com\/fr\/en-vedette\/afro-feminisme-explique-simplement-qui-sont-ses-actrices-et-acteurs\/"]}]},{"@type":"ImageObject","inLanguage":"fr-FR","@id":"https:\/\/thefeminismproject.com\/fr\/en-vedette\/afro-feminisme-explique-simplement-qui-sont-ses-actrices-et-acteurs\/#primaryimage","url":"https:\/\/thefeminismproject.com\/wp-content\/uploads\/2025\/04\/afro-feminisme.jpg","contentUrl":"https:\/\/thefeminismproject.com\/wp-content\/uploads\/2025\/04\/afro-feminisme.jpg","width":640,"height":420},{"@type":"BreadcrumbList","@id":"https:\/\/thefeminismproject.com\/fr\/en-vedette\/afro-feminisme-explique-simplement-qui-sont-ses-actrices-et-acteurs\/#breadcrumb","itemListElement":[{"@type":"ListItem","position":1,"name":"Home","item":"https:\/\/thefeminismproject.com\/fr\/accueil\/"},{"@type":"ListItem","position":2,"name":"Afro-f\u00e9minisme expliqu\u00e9 simplement : qui sont ses actrices et acteurs ?"}]},{"@type":"WebSite","@id":"https:\/\/thefeminismproject.com\/fr\/#website","url":"https:\/\/thefeminismproject.com\/fr\/","name":"thefeminismproject.com","description":"Popular culture with a feminist twist | let&#039;s talk about things that matter (news that feels right)","publisher":{"@id":"https:\/\/thefeminismproject.com\/fr\/#organization"},"potentialAction":[{"@type":"SearchAction","target":{"@type":"EntryPoint","urlTemplate":"https:\/\/thefeminismproject.com\/fr\/?s={search_term_string}"},"query-input":{"@type":"PropertyValueSpecification","valueRequired":true,"valueName":"search_term_string"}}],"inLanguage":"fr-FR"},{"@type":"Organization","@id":"https:\/\/thefeminismproject.com\/fr\/#organization","name":"thefeminismproject.com","url":"https:\/\/thefeminismproject.com\/fr\/","logo":{"@type":"ImageObject","inLanguage":"fr-FR","@id":"https:\/\/thefeminismproject.com\/fr\/#\/schema\/logo\/image\/","url":"https:\/\/thefeminismproject.com\/wp-content\/uploads\/2024\/10\/pexels-vazhnik-7561648.jpg","contentUrl":"https:\/\/thefeminismproject.com\/wp-content\/uploads\/2024\/10\/pexels-vazhnik-7561648.jpg","width":2500,"height":1667,"caption":"thefeminismproject.com"},"image":{"@id":"https:\/\/thefeminismproject.com\/fr\/#\/schema\/logo\/image\/"}},{"@type":"Person","@id":"https:\/\/thefeminismproject.com\/fr\/#\/schema\/person\/d2d84f0918ac04ca2b9f5b912890ad51","name":"Joaquimma Anna","image":{"@type":"ImageObject","inLanguage":"fr-FR","@id":"https:\/\/secure.gravatar.com\/avatar\/7d06747db1565e73d68391d596fc2eb15a10a4b4c1864574c454435523af94f1?s=96&d=mm&r=g","url":"https:\/\/secure.gravatar.com\/avatar\/7d06747db1565e73d68391d596fc2eb15a10a4b4c1864574c454435523af94f1?s=96&d=mm&r=g","contentUrl":"https:\/\/secure.gravatar.com\/avatar\/7d06747db1565e73d68391d596fc2eb15a10a4b4c1864574c454435523af94f1?s=96&d=mm&r=g","caption":"Joaquimma Anna"},"description":"Hi my name Joaquimma Anna, and let's tumble down the rabbit hole of thought! At thefeminismproject.com, this blog is a whimsical carnival of ideas. As a mischievous feminism activist, I'm here to juggle the narratives of women. This project? A delightful escapade into the absurdities and splendors of our world. Expect the unexpected!","sameAs":["http:\/\/thefeminismproject.com"],"url":"https:\/\/thefeminismproject.com\/fr\/author\/bella-sungkawa\/"}]}},"_links":{"self":[{"href":"https:\/\/thefeminismproject.com\/fr\/wp-json\/wp\/v2\/posts\/1041746","targetHints":{"allow":["GET"]}}],"collection":[{"href":"https:\/\/thefeminismproject.com\/fr\/wp-json\/wp\/v2\/posts"}],"about":[{"href":"https:\/\/thefeminismproject.com\/fr\/wp-json\/wp\/v2\/types\/post"}],"author":[{"embeddable":true,"href":"https:\/\/thefeminismproject.com\/fr\/wp-json\/wp\/v2\/users\/1"}],"replies":[{"embeddable":true,"href":"https:\/\/thefeminismproject.com\/fr\/wp-json\/wp\/v2\/comments?post=1041746"}],"version-history":[{"count":0,"href":"https:\/\/thefeminismproject.com\/fr\/wp-json\/wp\/v2\/posts\/1041746\/revisions"}],"wp:featuredmedia":[{"embeddable":true,"href":"https:\/\/thefeminismproject.com\/fr\/wp-json\/wp\/v2\/media\/1041747"}],"wp:attachment":[{"href":"https:\/\/thefeminismproject.com\/fr\/wp-json\/wp\/v2\/media?parent=1041746"}],"wp:term":[{"taxonomy":"category","embeddable":true,"href":"https:\/\/thefeminismproject.com\/fr\/wp-json\/wp\/v2\/categories?post=1041746"},{"taxonomy":"post_tag","embeddable":true,"href":"https:\/\/thefeminismproject.com\/fr\/wp-json\/wp\/v2\/tags?post=1041746"}],"curies":[{"name":"wp","href":"https:\/\/api.w.org\/{rel}","templated":true}]}}