{"id":1041765,"date":"2025-04-14T18:10:34","date_gmt":"2025-04-14T18:10:34","guid":{"rendered":"https:\/\/thefeminismproject.com\/non-categorise\/julie-guiol-et-sa-bibliotheque-feministe-qui-recommande-t-elle\/"},"modified":"2025-04-14T18:10:34","modified_gmt":"2025-04-14T18:10:34","slug":"julie-guiol-et-sa-bibliotheque-feministe-qui-recommande-t-elle","status":"publish","type":"post","link":"https:\/\/thefeminismproject.com\/fr\/en-vedette\/julie-guiol-et-sa-bibliotheque-feministe-qui-recommande-t-elle\/","title":{"rendered":"Julie Guiol et sa biblioth\u00e8que f\u00e9ministe : qui recommande-t-elle ?"},"content":{"rendered":"<p>Dans le vaste univers litt\u00e9raire o\u00f9 la voix des femmes s\u2019\u00e9l\u00e8ve avec force, Julie Guiol se d\u00e9marque en tant que figure embl\u00e9matique de la litt\u00e9rature f\u00e9ministe contemporaine. Elle ne se contente pas d\u2019\u00e9crire ; elle engage un dialogue, un v\u00e9ritable bras de fer intellectuel avec les id\u00e9es pr\u00e9con\u00e7ues qui persistent autour du f\u00e9minisme. Sa biblioth\u00e8que n\u2019est pas seulement un jardin secret de savantes r\u00e9flexions ; elle est un appel \u00e0 la r\u00e9bellion contre les normes patriarcales soigneusement inculqu\u00e9es dans notre soci\u00e9t\u00e9. Mais qui, exactement, Julie Guiol recommande-t-elle aux \u00e2mes curieuses qui souhaitent explorer cette vaste galaxie f\u00e9ministe ?<\/p>\n<p>Pour commencer, il est essentiel de poser un regard attentif sur les \u0153uvres que Guiol consid\u00e8re comme incontournables. Ces s\u00e9lections ne sont pas de simples lectures, mais plut\u00f4t des pav\u00e9s dans la mare des id\u00e9es re\u00e7ues. En s\u2019immergeant dans ses recommandations, on d\u00e9couvre une pluralit\u00e9 de voix, un kal\u00e9idoscope d\u2019exp\u00e9riences f\u00e9minines qui s\u2019entrem\u00ealent et se r\u00e9pondent. Loin des st\u00e9r\u00e9otypes, ces livres deviennent des invitations \u00e0 repenser nos propres croyances et \u00e0 questionner les r\u00e9cits traditionnels qui nous ont \u00e9t\u00e9 impos\u00e9s.<\/p>\n<p>Parmi les auteurs souvent mentionn\u00e9s par Guiol, un nom revient fr\u00e9quemment : celui de Bell hooks. Dans des \u0153uvres comme \u00ab L&rsquo;amour comme acte de r\u00e9sistance \u00bb, hooks nous pousse \u00e0 d\u00e9manteler l\u2019amour et le f\u00e9minisme, exposant les intersections entre race, classe et genre. \u00c0 travers sa plume incisive, elle incite chaque lecteur \u00e0 int\u00e9grer une approche radicale \u00e0 l\u2019amour et \u00e0 la justice sociale. En recommandant hooks, Julie Guiol nous pousse \u00e0 envisager le f\u00e9minisme non pas comme un combat s\u00e9par\u00e9, mais comme un mouvement intriqu\u00e9 avec de multiples luttes pour l\u2019\u00e9mancipation. Qui ose encore dire que le f\u00e9minisme est un luxe dont seules certaines femmes peuvent se permettre ?<\/p>\n<p>Un autre pilier de la biblioth\u00e8que de Guiol est l\u2019\u0153uvre de Simone de Beauvoir. \u00ab Le Deuxi\u00e8me Sexe \u00bb est souvent qualifi\u00e9 de bible du f\u00e9minisme. La question existentielle que soul\u00e8ve Beauvoir, \u00ab Qu&rsquo;est-ce qu&rsquo;une femme ? \u00bb, ne date pas d&rsquo;hier, mais ses r\u00e9sonances r\u00e9sonnent encore fortement dans notre jardin d&rsquo;injustices modernes. Julie Guiol nous rappelle que cette lecture ne doit pas se r\u00e9sumer \u00e0 un simple int\u00e9r\u00eat acad\u00e9mique ; elle doit \u00eatre un appel \u00e0 la remise en question de nos identit\u00e9s et r\u00f4les programm\u00e9s depuis la naissance. Car apr\u00e8s tout, la libert\u00e9 commence par la constatation de l\u2019oppression, et Beauvoir a \u00e9t\u00e9 l\u2019une des premi\u00e8res \u00e0 mettre en lumi\u00e8re cette v\u00e9rit\u00e9 in\u00e9luctable.<\/p>\n<p>Et que dire de l\u2019inarr\u00eatable Angela Davis ? Son livre \u00ab Femmes, Race et Classe \u00bb est incontournable pour qui souhaite comprendre les luttes crois\u00e9es. Davis nous fait r\u00e9aliser que le f\u00e9minisme ne peut \u00eatre r\u00e9duit \u00e0 une seule dimension. La marginalisation des femmes de couleur, leur combat singulier au sein du mouvement f\u00e9ministe, est une r\u00e9alit\u00e9 qui doit \u00eatre int\u00e9gr\u00e9e dans nos r\u00e9flexions contemporaines. En recommandant Davis, Guiol \u00e9largit notre compr\u00e9hension du f\u00e9minisme, nous entrainant sur des chemins parfois peu fr\u00e9quent\u00e9s, mais d\u2019une richesse inestimable.<\/p>\n<p>Non contente de seules narrations traditionnelles, la biblioth\u00e8que de Julie Guiol se veut r\u00e9solument plurielle. Elle engage avec, par exemple, l\u2019\u0153uvre de Reni Eddo-Lodge, \u00ab Pourquoi je ne suis pas une f\u00e9ministe blanche \u00bb, qui remet en question la blanqueur et les privil\u00e8ges au sein m\u00eame des discours f\u00e9ministes. En exposant les biais raciaux qui traversent le f\u00e9minisme, Eddo-Lodge ouvre un nouveau chapitre aux discussions qui doivent \u00eatre men\u00e9es. C\u2019est l\u00e0 que la magie op\u00e8re : ces recommandations cr\u00e9ent un v\u00e9ritable \u00e9cosyst\u00e8me de pens\u00e9es, o\u00f9 le dialogue devient une n\u00e9cessit\u00e9.<\/p>\n<p>De surcro\u00eet, l\u2019aspect intersectionnel est devenu crucial dans l\u2019approche f\u00e9ministe contemporaine. En rassemblant les voix de femmes issues de divers horizons, Julie Guiol incarne une nouvelle mani\u00e8re de consid\u00e9rer le f\u00e9minisme. Les ouvrages de femmes telles que Audre Lorde et Chimamanda Ngozi Adichie, souvent cit\u00e9s dans ses recommandations, soulignent \u00e0 quel point la diversit\u00e9 des exp\u00e9riences est fondamentale dans le combat pour l\u2019\u00e9galit\u00e9. Leur impact se fait ressentir bien au-del\u00e0 des pages des livres ; elles naviguent dans nos consciences comme autant de fl\u00e8ches visant \u00e0 d\u00e9truire le mur des st\u00e9r\u00e9otypes.<\/p>\n<p>Il est donc significatif de souligner que la biblioth\u00e8que de Julie Guiol ne se cantonne pas \u00e0 la recommandation de quelques livres. Non, elle constitue un v\u00e9ritable manifeste qui invite chaque lecteur \u00e0 plonger dans les abysses des injustices patriarcales. Abandonner les lectures au profit d\u2019une r\u00e9flexion active devient une n\u00e9cessit\u00e9. Les mots de ces autrices r\u00e9sonnent comme un appel \u00e0 l\u2019action, une incitation \u00e0 s\u2019armer de connaissances pour mieux questionner notre monde.<\/p>\n<p>Dans un contexte o\u00f9 de nombreux discours sur le f\u00e9minisme tendent \u00e0 se fossiliser, la librairie de Guiol appara\u00eet comme un souffle nouveau. Elle d\u00e9friche, \u00e9difie et provoque, tout en ne cessant jamais d\u2019interroger nos pr\u00e9jug\u00e9s. Le f\u00e9minisme n\u2019est pas un dogme, c\u2019est une qu\u00eate permanente, un voyage sans fin \u00e0 travers les pages des livres et les histoires des femmes qui les ont \u00e9crites. Et si Julie Guiol repr\u00e9sente une boussole dans ce paysage litt\u00e9raire, ses recommandations sont autant d&rsquo;\u00e9toiles qui illuminent un chemin pav\u00e9 d\u2019audace et de r\u00e9flexions enrichissantes.<\/p>\n","protected":false},"excerpt":{"rendered":"<p>Dans le vaste univers litt\u00e9raire o\u00f9 la voix des femmes s\u2019\u00e9l\u00e8ve avec force, Julie Guiol se d\u00e9marque en tant que figure embl\u00e9matique de la litt\u00e9rature f\u00e9ministe contemporaine. Elle ne se contente pas d\u2019\u00e9crire ; elle engage un dialogue, un v\u00e9ritable bras de fer intellectuel avec les id\u00e9es pr\u00e9con\u00e7ues qui persistent autour du f\u00e9minisme. Sa biblioth\u00e8que [&hellip;]<\/p>\n","protected":false},"author":1,"featured_media":1041760,"comment_status":"open","ping_status":"open","sticky":false,"template":"","format":"standard","meta":{"footnotes":""},"categories":[77],"tags":[],"class_list":{"0":"post-1041765","1":"post","2":"type-post","3":"status-publish","4":"format-standard","5":"has-post-thumbnail","7":"category-en-vedette"},"yoast_head":"<!-- This site is optimized with the Yoast SEO plugin v27.4 - https:\/\/yoast.com\/product\/yoast-seo-wordpress\/ -->\n<title>Julie Guiol et sa biblioth\u00e8que f\u00e9ministe : qui recommande-t-elle ?<\/title>\n<meta name=\"description\" content=\"Dans le vaste univers litt\u00e9raire o\u00f9 la voix des femmes s\u2019\u00e9l\u00e8ve avec force, Julie Guiol se d\u00e9marque en tant que figure embl\u00e9matique de la litt\u00e9rature\" \/>\n<meta name=\"robots\" content=\"index, follow, max-snippet:-1, max-image-preview:large, max-video-preview:-1\" \/>\n<link rel=\"canonical\" href=\"https:\/\/thefeminismproject.com\/fr\/en-vedette\/julie-guiol-et-sa-bibliotheque-feministe-qui-recommande-t-elle\/\" \/>\n<meta property=\"og:locale\" content=\"fr_FR\" \/>\n<meta property=\"og:type\" content=\"article\" \/>\n<meta property=\"og:title\" content=\"Julie Guiol et sa biblioth\u00e8que f\u00e9ministe : qui recommande-t-elle ?\" \/>\n<meta property=\"og:description\" content=\"Dans le vaste univers litt\u00e9raire o\u00f9 la voix des femmes s\u2019\u00e9l\u00e8ve avec force, Julie Guiol se d\u00e9marque en tant que figure embl\u00e9matique de la litt\u00e9rature\" \/>\n<meta property=\"og:url\" content=\"https:\/\/thefeminismproject.com\/fr\/en-vedette\/julie-guiol-et-sa-bibliotheque-feministe-qui-recommande-t-elle\/\" \/>\n<meta property=\"og:site_name\" content=\"thefeminismproject.com\" \/>\n<meta property=\"article:published_time\" content=\"2025-04-14T18:10:34+00:00\" \/>\n<meta property=\"og:image\" content=\"https:\/\/thefeminismproject.com\/wp-content\/uploads\/2025\/04\/qui-sont-les-feministes-bd-de-julie-guiol-et-elodie-perrotin.jpg\" \/>\n\t<meta property=\"og:image:width\" content=\"381\" \/>\n\t<meta property=\"og:image:height\" content=\"492\" \/>\n\t<meta property=\"og:image:type\" content=\"image\/jpeg\" \/>\n<meta name=\"author\" content=\"Joaquimma Anna\" \/>\n<meta name=\"twitter:card\" content=\"summary_large_image\" \/>\n<meta name=\"twitter:label1\" content=\"\u00c9crit par\" \/>\n\t<meta name=\"twitter:data1\" content=\"Joaquimma Anna\" \/>\n\t<meta name=\"twitter:label2\" content=\"Dur\u00e9e de lecture estim\u00e9e\" \/>\n\t<meta name=\"twitter:data2\" content=\"5 minutes\" \/>\n<script type=\"application\/ld+json\" class=\"yoast-schema-graph\">{\"@context\":\"https:\\\/\\\/schema.org\",\"@graph\":[{\"@type\":\"Article\",\"@id\":\"https:\\\/\\\/thefeminismproject.com\\\/fr\\\/en-vedette\\\/julie-guiol-et-sa-bibliotheque-feministe-qui-recommande-t-elle\\\/#article\",\"isPartOf\":{\"@id\":\"https:\\\/\\\/thefeminismproject.com\\\/fr\\\/en-vedette\\\/julie-guiol-et-sa-bibliotheque-feministe-qui-recommande-t-elle\\\/\"},\"author\":{\"name\":\"Joaquimma Anna\",\"@id\":\"https:\\\/\\\/thefeminismproject.com\\\/fr\\\/#\\\/schema\\\/person\\\/d2d84f0918ac04ca2b9f5b912890ad51\"},\"headline\":\"Julie Guiol et sa biblioth\u00e8que f\u00e9ministe : qui recommande-t-elle ?\",\"datePublished\":\"2025-04-14T18:10:34+00:00\",\"mainEntityOfPage\":{\"@id\":\"https:\\\/\\\/thefeminismproject.com\\\/fr\\\/en-vedette\\\/julie-guiol-et-sa-bibliotheque-feministe-qui-recommande-t-elle\\\/\"},\"wordCount\":950,\"commentCount\":0,\"publisher\":{\"@id\":\"https:\\\/\\\/thefeminismproject.com\\\/fr\\\/#organization\"},\"image\":{\"@id\":\"https:\\\/\\\/thefeminismproject.com\\\/fr\\\/en-vedette\\\/julie-guiol-et-sa-bibliotheque-feministe-qui-recommande-t-elle\\\/#primaryimage\"},\"thumbnailUrl\":\"https:\\\/\\\/thefeminismproject.com\\\/wp-content\\\/uploads\\\/2025\\\/04\\\/qui-sont-les-feministes-bd-de-julie-guiol-et-elodie-perrotin.jpg\",\"articleSection\":[\"En vedette\"],\"inLanguage\":\"fr-FR\",\"potentialAction\":[{\"@type\":\"CommentAction\",\"name\":\"Comment\",\"target\":[\"https:\\\/\\\/thefeminismproject.com\\\/fr\\\/en-vedette\\\/julie-guiol-et-sa-bibliotheque-feministe-qui-recommande-t-elle\\\/#respond\"]}]},{\"@type\":\"WebPage\",\"@id\":\"https:\\\/\\\/thefeminismproject.com\\\/fr\\\/en-vedette\\\/julie-guiol-et-sa-bibliotheque-feministe-qui-recommande-t-elle\\\/\",\"url\":\"https:\\\/\\\/thefeminismproject.com\\\/fr\\\/en-vedette\\\/julie-guiol-et-sa-bibliotheque-feministe-qui-recommande-t-elle\\\/\",\"name\":\"Julie Guiol et sa biblioth\u00e8que f\u00e9ministe : qui recommande-t-elle ?\",\"isPartOf\":{\"@id\":\"https:\\\/\\\/thefeminismproject.com\\\/fr\\\/#website\"},\"primaryImageOfPage\":{\"@id\":\"https:\\\/\\\/thefeminismproject.com\\\/fr\\\/en-vedette\\\/julie-guiol-et-sa-bibliotheque-feministe-qui-recommande-t-elle\\\/#primaryimage\"},\"image\":{\"@id\":\"https:\\\/\\\/thefeminismproject.com\\\/fr\\\/en-vedette\\\/julie-guiol-et-sa-bibliotheque-feministe-qui-recommande-t-elle\\\/#primaryimage\"},\"thumbnailUrl\":\"https:\\\/\\\/thefeminismproject.com\\\/wp-content\\\/uploads\\\/2025\\\/04\\\/qui-sont-les-feministes-bd-de-julie-guiol-et-elodie-perrotin.jpg\",\"datePublished\":\"2025-04-14T18:10:34+00:00\",\"description\":\"Dans le vaste univers litt\u00e9raire o\u00f9 la voix des femmes s\u2019\u00e9l\u00e8ve avec force, Julie Guiol se d\u00e9marque en tant que figure embl\u00e9matique de la litt\u00e9rature\",\"breadcrumb\":{\"@id\":\"https:\\\/\\\/thefeminismproject.com\\\/fr\\\/en-vedette\\\/julie-guiol-et-sa-bibliotheque-feministe-qui-recommande-t-elle\\\/#breadcrumb\"},\"inLanguage\":\"fr-FR\",\"potentialAction\":[{\"@type\":\"ReadAction\",\"target\":[\"https:\\\/\\\/thefeminismproject.com\\\/fr\\\/en-vedette\\\/julie-guiol-et-sa-bibliotheque-feministe-qui-recommande-t-elle\\\/\"]}]},{\"@type\":\"ImageObject\",\"inLanguage\":\"fr-FR\",\"@id\":\"https:\\\/\\\/thefeminismproject.com\\\/fr\\\/en-vedette\\\/julie-guiol-et-sa-bibliotheque-feministe-qui-recommande-t-elle\\\/#primaryimage\",\"url\":\"https:\\\/\\\/thefeminismproject.com\\\/wp-content\\\/uploads\\\/2025\\\/04\\\/qui-sont-les-feministes-bd-de-julie-guiol-et-elodie-perrotin.jpg\",\"contentUrl\":\"https:\\\/\\\/thefeminismproject.com\\\/wp-content\\\/uploads\\\/2025\\\/04\\\/qui-sont-les-feministes-bd-de-julie-guiol-et-elodie-perrotin.jpg\",\"width\":381,\"height\":492},{\"@type\":\"BreadcrumbList\",\"@id\":\"https:\\\/\\\/thefeminismproject.com\\\/fr\\\/en-vedette\\\/julie-guiol-et-sa-bibliotheque-feministe-qui-recommande-t-elle\\\/#breadcrumb\",\"itemListElement\":[{\"@type\":\"ListItem\",\"position\":1,\"name\":\"Home\",\"item\":\"https:\\\/\\\/thefeminismproject.com\\\/fr\\\/accueil\\\/\"},{\"@type\":\"ListItem\",\"position\":2,\"name\":\"Julie Guiol et sa biblioth\u00e8que f\u00e9ministe : qui recommande-t-elle ?\"}]},{\"@type\":\"WebSite\",\"@id\":\"https:\\\/\\\/thefeminismproject.com\\\/fr\\\/#website\",\"url\":\"https:\\\/\\\/thefeminismproject.com\\\/fr\\\/\",\"name\":\"thefeminismproject.com\",\"description\":\"Popular culture with a feminist twist | let&#039;s talk about things that matter (news that feels right)\",\"publisher\":{\"@id\":\"https:\\\/\\\/thefeminismproject.com\\\/fr\\\/#organization\"},\"potentialAction\":[{\"@type\":\"SearchAction\",\"target\":{\"@type\":\"EntryPoint\",\"urlTemplate\":\"https:\\\/\\\/thefeminismproject.com\\\/fr\\\/?s={search_term_string}\"},\"query-input\":{\"@type\":\"PropertyValueSpecification\",\"valueRequired\":true,\"valueName\":\"search_term_string\"}}],\"inLanguage\":\"fr-FR\"},{\"@type\":\"Organization\",\"@id\":\"https:\\\/\\\/thefeminismproject.com\\\/fr\\\/#organization\",\"name\":\"thefeminismproject.com\",\"url\":\"https:\\\/\\\/thefeminismproject.com\\\/fr\\\/\",\"logo\":{\"@type\":\"ImageObject\",\"inLanguage\":\"fr-FR\",\"@id\":\"https:\\\/\\\/thefeminismproject.com\\\/fr\\\/#\\\/schema\\\/logo\\\/image\\\/\",\"url\":\"https:\\\/\\\/thefeminismproject.com\\\/wp-content\\\/uploads\\\/2024\\\/10\\\/pexels-vazhnik-7561648.jpg\",\"contentUrl\":\"https:\\\/\\\/thefeminismproject.com\\\/wp-content\\\/uploads\\\/2024\\\/10\\\/pexels-vazhnik-7561648.jpg\",\"width\":2500,\"height\":1667,\"caption\":\"thefeminismproject.com\"},\"image\":{\"@id\":\"https:\\\/\\\/thefeminismproject.com\\\/fr\\\/#\\\/schema\\\/logo\\\/image\\\/\"}},{\"@type\":\"Person\",\"@id\":\"https:\\\/\\\/thefeminismproject.com\\\/fr\\\/#\\\/schema\\\/person\\\/d2d84f0918ac04ca2b9f5b912890ad51\",\"name\":\"Joaquimma Anna\",\"image\":{\"@type\":\"ImageObject\",\"inLanguage\":\"fr-FR\",\"@id\":\"https:\\\/\\\/secure.gravatar.com\\\/avatar\\\/7d06747db1565e73d68391d596fc2eb15a10a4b4c1864574c454435523af94f1?s=96&d=mm&r=g\",\"url\":\"https:\\\/\\\/secure.gravatar.com\\\/avatar\\\/7d06747db1565e73d68391d596fc2eb15a10a4b4c1864574c454435523af94f1?s=96&d=mm&r=g\",\"contentUrl\":\"https:\\\/\\\/secure.gravatar.com\\\/avatar\\\/7d06747db1565e73d68391d596fc2eb15a10a4b4c1864574c454435523af94f1?s=96&d=mm&r=g\",\"caption\":\"Joaquimma Anna\"},\"description\":\"Hi my name Joaquimma Anna, and let's tumble down the rabbit hole of thought! At thefeminismproject.com, this blog is a whimsical carnival of ideas. As a mischievous feminism activist, I'm here to juggle the narratives of women. This project? A delightful escapade into the absurdities and splendors of our world. Expect the unexpected!\",\"sameAs\":[\"http:\\\/\\\/thefeminismproject.com\"],\"url\":\"https:\\\/\\\/thefeminismproject.com\\\/fr\\\/author\\\/bella-sungkawa\\\/\"}]}<\/script>\n<!-- \/ Yoast SEO plugin. -->","yoast_head_json":{"title":"Julie Guiol et sa biblioth\u00e8que f\u00e9ministe : qui recommande-t-elle ?","description":"Dans le vaste univers litt\u00e9raire o\u00f9 la voix des femmes s\u2019\u00e9l\u00e8ve avec force, Julie Guiol se d\u00e9marque en tant que figure embl\u00e9matique de la litt\u00e9rature","robots":{"index":"index","follow":"follow","max-snippet":"max-snippet:-1","max-image-preview":"max-image-preview:large","max-video-preview":"max-video-preview:-1"},"canonical":"https:\/\/thefeminismproject.com\/fr\/en-vedette\/julie-guiol-et-sa-bibliotheque-feministe-qui-recommande-t-elle\/","og_locale":"fr_FR","og_type":"article","og_title":"Julie Guiol et sa biblioth\u00e8que f\u00e9ministe : qui recommande-t-elle ?","og_description":"Dans le vaste univers litt\u00e9raire o\u00f9 la voix des femmes s\u2019\u00e9l\u00e8ve avec force, Julie Guiol se d\u00e9marque en tant que figure embl\u00e9matique de la litt\u00e9rature","og_url":"https:\/\/thefeminismproject.com\/fr\/en-vedette\/julie-guiol-et-sa-bibliotheque-feministe-qui-recommande-t-elle\/","og_site_name":"thefeminismproject.com","article_published_time":"2025-04-14T18:10:34+00:00","og_image":[{"width":381,"height":492,"url":"https:\/\/thefeminismproject.com\/wp-content\/uploads\/2025\/04\/qui-sont-les-feministes-bd-de-julie-guiol-et-elodie-perrotin.jpg","type":"image\/jpeg"}],"author":"Joaquimma Anna","twitter_card":"summary_large_image","twitter_misc":{"\u00c9crit par":"Joaquimma Anna","Dur\u00e9e de lecture estim\u00e9e":"5 minutes"},"schema":{"@context":"https:\/\/schema.org","@graph":[{"@type":"Article","@id":"https:\/\/thefeminismproject.com\/fr\/en-vedette\/julie-guiol-et-sa-bibliotheque-feministe-qui-recommande-t-elle\/#article","isPartOf":{"@id":"https:\/\/thefeminismproject.com\/fr\/en-vedette\/julie-guiol-et-sa-bibliotheque-feministe-qui-recommande-t-elle\/"},"author":{"name":"Joaquimma Anna","@id":"https:\/\/thefeminismproject.com\/fr\/#\/schema\/person\/d2d84f0918ac04ca2b9f5b912890ad51"},"headline":"Julie Guiol et sa biblioth\u00e8que f\u00e9ministe : qui recommande-t-elle ?","datePublished":"2025-04-14T18:10:34+00:00","mainEntityOfPage":{"@id":"https:\/\/thefeminismproject.com\/fr\/en-vedette\/julie-guiol-et-sa-bibliotheque-feministe-qui-recommande-t-elle\/"},"wordCount":950,"commentCount":0,"publisher":{"@id":"https:\/\/thefeminismproject.com\/fr\/#organization"},"image":{"@id":"https:\/\/thefeminismproject.com\/fr\/en-vedette\/julie-guiol-et-sa-bibliotheque-feministe-qui-recommande-t-elle\/#primaryimage"},"thumbnailUrl":"https:\/\/thefeminismproject.com\/wp-content\/uploads\/2025\/04\/qui-sont-les-feministes-bd-de-julie-guiol-et-elodie-perrotin.jpg","articleSection":["En vedette"],"inLanguage":"fr-FR","potentialAction":[{"@type":"CommentAction","name":"Comment","target":["https:\/\/thefeminismproject.com\/fr\/en-vedette\/julie-guiol-et-sa-bibliotheque-feministe-qui-recommande-t-elle\/#respond"]}]},{"@type":"WebPage","@id":"https:\/\/thefeminismproject.com\/fr\/en-vedette\/julie-guiol-et-sa-bibliotheque-feministe-qui-recommande-t-elle\/","url":"https:\/\/thefeminismproject.com\/fr\/en-vedette\/julie-guiol-et-sa-bibliotheque-feministe-qui-recommande-t-elle\/","name":"Julie Guiol et sa biblioth\u00e8que f\u00e9ministe : qui recommande-t-elle ?","isPartOf":{"@id":"https:\/\/thefeminismproject.com\/fr\/#website"},"primaryImageOfPage":{"@id":"https:\/\/thefeminismproject.com\/fr\/en-vedette\/julie-guiol-et-sa-bibliotheque-feministe-qui-recommande-t-elle\/#primaryimage"},"image":{"@id":"https:\/\/thefeminismproject.com\/fr\/en-vedette\/julie-guiol-et-sa-bibliotheque-feministe-qui-recommande-t-elle\/#primaryimage"},"thumbnailUrl":"https:\/\/thefeminismproject.com\/wp-content\/uploads\/2025\/04\/qui-sont-les-feministes-bd-de-julie-guiol-et-elodie-perrotin.jpg","datePublished":"2025-04-14T18:10:34+00:00","description":"Dans le vaste univers litt\u00e9raire o\u00f9 la voix des femmes s\u2019\u00e9l\u00e8ve avec force, Julie Guiol se d\u00e9marque en tant que figure embl\u00e9matique de la litt\u00e9rature","breadcrumb":{"@id":"https:\/\/thefeminismproject.com\/fr\/en-vedette\/julie-guiol-et-sa-bibliotheque-feministe-qui-recommande-t-elle\/#breadcrumb"},"inLanguage":"fr-FR","potentialAction":[{"@type":"ReadAction","target":["https:\/\/thefeminismproject.com\/fr\/en-vedette\/julie-guiol-et-sa-bibliotheque-feministe-qui-recommande-t-elle\/"]}]},{"@type":"ImageObject","inLanguage":"fr-FR","@id":"https:\/\/thefeminismproject.com\/fr\/en-vedette\/julie-guiol-et-sa-bibliotheque-feministe-qui-recommande-t-elle\/#primaryimage","url":"https:\/\/thefeminismproject.com\/wp-content\/uploads\/2025\/04\/qui-sont-les-feministes-bd-de-julie-guiol-et-elodie-perrotin.jpg","contentUrl":"https:\/\/thefeminismproject.com\/wp-content\/uploads\/2025\/04\/qui-sont-les-feministes-bd-de-julie-guiol-et-elodie-perrotin.jpg","width":381,"height":492},{"@type":"BreadcrumbList","@id":"https:\/\/thefeminismproject.com\/fr\/en-vedette\/julie-guiol-et-sa-bibliotheque-feministe-qui-recommande-t-elle\/#breadcrumb","itemListElement":[{"@type":"ListItem","position":1,"name":"Home","item":"https:\/\/thefeminismproject.com\/fr\/accueil\/"},{"@type":"ListItem","position":2,"name":"Julie Guiol et sa biblioth\u00e8que f\u00e9ministe : qui recommande-t-elle ?"}]},{"@type":"WebSite","@id":"https:\/\/thefeminismproject.com\/fr\/#website","url":"https:\/\/thefeminismproject.com\/fr\/","name":"thefeminismproject.com","description":"Popular culture with a feminist twist | let&#039;s talk about things that matter (news that feels right)","publisher":{"@id":"https:\/\/thefeminismproject.com\/fr\/#organization"},"potentialAction":[{"@type":"SearchAction","target":{"@type":"EntryPoint","urlTemplate":"https:\/\/thefeminismproject.com\/fr\/?s={search_term_string}"},"query-input":{"@type":"PropertyValueSpecification","valueRequired":true,"valueName":"search_term_string"}}],"inLanguage":"fr-FR"},{"@type":"Organization","@id":"https:\/\/thefeminismproject.com\/fr\/#organization","name":"thefeminismproject.com","url":"https:\/\/thefeminismproject.com\/fr\/","logo":{"@type":"ImageObject","inLanguage":"fr-FR","@id":"https:\/\/thefeminismproject.com\/fr\/#\/schema\/logo\/image\/","url":"https:\/\/thefeminismproject.com\/wp-content\/uploads\/2024\/10\/pexels-vazhnik-7561648.jpg","contentUrl":"https:\/\/thefeminismproject.com\/wp-content\/uploads\/2024\/10\/pexels-vazhnik-7561648.jpg","width":2500,"height":1667,"caption":"thefeminismproject.com"},"image":{"@id":"https:\/\/thefeminismproject.com\/fr\/#\/schema\/logo\/image\/"}},{"@type":"Person","@id":"https:\/\/thefeminismproject.com\/fr\/#\/schema\/person\/d2d84f0918ac04ca2b9f5b912890ad51","name":"Joaquimma Anna","image":{"@type":"ImageObject","inLanguage":"fr-FR","@id":"https:\/\/secure.gravatar.com\/avatar\/7d06747db1565e73d68391d596fc2eb15a10a4b4c1864574c454435523af94f1?s=96&d=mm&r=g","url":"https:\/\/secure.gravatar.com\/avatar\/7d06747db1565e73d68391d596fc2eb15a10a4b4c1864574c454435523af94f1?s=96&d=mm&r=g","contentUrl":"https:\/\/secure.gravatar.com\/avatar\/7d06747db1565e73d68391d596fc2eb15a10a4b4c1864574c454435523af94f1?s=96&d=mm&r=g","caption":"Joaquimma Anna"},"description":"Hi my name Joaquimma Anna, and let's tumble down the rabbit hole of thought! At thefeminismproject.com, this blog is a whimsical carnival of ideas. As a mischievous feminism activist, I'm here to juggle the narratives of women. This project? A delightful escapade into the absurdities and splendors of our world. Expect the unexpected!","sameAs":["http:\/\/thefeminismproject.com"],"url":"https:\/\/thefeminismproject.com\/fr\/author\/bella-sungkawa\/"}]}},"_links":{"self":[{"href":"https:\/\/thefeminismproject.com\/fr\/wp-json\/wp\/v2\/posts\/1041765","targetHints":{"allow":["GET"]}}],"collection":[{"href":"https:\/\/thefeminismproject.com\/fr\/wp-json\/wp\/v2\/posts"}],"about":[{"href":"https:\/\/thefeminismproject.com\/fr\/wp-json\/wp\/v2\/types\/post"}],"author":[{"embeddable":true,"href":"https:\/\/thefeminismproject.com\/fr\/wp-json\/wp\/v2\/users\/1"}],"replies":[{"embeddable":true,"href":"https:\/\/thefeminismproject.com\/fr\/wp-json\/wp\/v2\/comments?post=1041765"}],"version-history":[{"count":0,"href":"https:\/\/thefeminismproject.com\/fr\/wp-json\/wp\/v2\/posts\/1041765\/revisions"}],"wp:featuredmedia":[{"embeddable":true,"href":"https:\/\/thefeminismproject.com\/fr\/wp-json\/wp\/v2\/media\/1041760"}],"wp:attachment":[{"href":"https:\/\/thefeminismproject.com\/fr\/wp-json\/wp\/v2\/media?parent=1041765"}],"wp:term":[{"taxonomy":"category","embeddable":true,"href":"https:\/\/thefeminismproject.com\/fr\/wp-json\/wp\/v2\/categories?post=1041765"},{"taxonomy":"post_tag","embeddable":true,"href":"https:\/\/thefeminismproject.com\/fr\/wp-json\/wp\/v2\/tags?post=1041765"}],"curies":[{"name":"wp","href":"https:\/\/api.w.org\/{rel}","templated":true}]}}