{"id":1041781,"date":"2025-04-20T13:08:12","date_gmt":"2025-04-20T13:08:12","guid":{"rendered":"https:\/\/thefeminismproject.com\/non-categorise\/sans-compromis-feministe-sophie-boiszeau-une-voix-sans-concession\/"},"modified":"2025-04-27T07:31:41","modified_gmt":"2025-04-27T07:31:41","slug":"sans-compromis-feministe-sophie-boiszeau-une-voix-sans-concession","status":"publish","type":"post","link":"https:\/\/thefeminismproject.com\/fr\/en-vedette\/sans-compromis-feministe-sophie-boiszeau-une-voix-sans-concession\/","title":{"rendered":"Sans compromis f\u00e9ministe : Sophie Boiszeau une voix sans concession"},"content":{"rendered":"<p>Dans l&rsquo;univers tumultueux des luttes f\u00e9ministes contemporaines, rares sont celles qui se distinguent par une voix aussi percutante et sans concession que celle de Sophie Boiszeau. \u00c9crivaine, documentariste et fervente d\u00e9fenseure des droits des femmes, elle incarne non seulement une pens\u00e9e critique, mais aussi une passion br\u00fblante pour l&rsquo;\u00e9galit\u00e9. Sa capacit\u00e9 \u00e0 articuler des concepts complexes tout en touchant les cordes sensibles de l&rsquo;humanit\u00e9 en fait une figure de proue dans le paysage f\u00e9ministe. Cette exploration des contributions sans compromis de Boiszeau met en lumi\u00e8re la profondeur de son engagement et l&rsquo;impact ind\u00e9l\u00e9bile de ses \u0153uvres.<\/p>\n<p>La premi\u00e8re chose qui frappe chez Sophie Boiszeau, c&rsquo;est la force de son engagement. Elle ne se contente pas de survoler les probl\u00e9matiques, mais plonge v\u00e9ritablement au c\u0153ur des r\u00e9alit\u00e9s souvent difficiles \u00e0 affronter. \u00c0 travers ses documentaires, comme \u00ab Ouvrir la voix \u00bb, elle r\u00e9v\u00e8le les luttes afro-f\u00e9ministes, une facette trop souvent ignor\u00e9e, en mettant en avant les voix de femmes qui, historiquement, ont \u00e9t\u00e9 marginalis\u00e9es. Son travail se d\u00e9ploie comme une toile riche en couleurs, o\u00f9 chaque point repr\u00e9sente une histoire unique, une douleur, une r\u00e9sistance. En utilisant le documentaire comme un outil d&rsquo;\u00e9mancipation, Boiszeau transforme des r\u00e9cits individuels en vibrant appel \u00e0 l&rsquo;action collective.<\/p>\n<p>Le documentaire est, par essence, un m\u00e9dium puissant. Mais Boiszeau le ma\u00eetrise avec une ma\u00eetrise singuli\u00e8re. Elle utilise la cam\u00e9ra non seulement pour capturer des visages, mais pour explorer des \u00e2mes. Chaque interview, chaque image, chaque mot est soigneusement choisi. On ne peut donc s\u2019emp\u00eacher de penser \u00e0 la m\u00e9taphore d&rsquo;un scalpel : pr\u00e9cis, chirurgical. C&rsquo;est un instrument qui ne laisse aucune place \u00e0 l&rsquo;ambigu\u00eft\u00e9. Boiszeau excelle \u00e0 r\u00e9v\u00e9ler les strates de la souffrance et de la r\u00e9silience, transformant ses films en v\u00e9ritables manifestes visuels. Cette approche critique permet de d\u00e9construire les narratives dominantes et d\u2019offrir une plateforme \u00e0 des voix authentiques, souvent \u00e9touff\u00e9es par le bruit ambiant.<\/p>\n<p>\u00c0 travers ses \u0153uvres, elle prend un risque calcul\u00e9 : celui de d\u00e9ranger. Elle n&rsquo;h\u00e9site pas \u00e0 bousculer le confort des spectateurs, \u00e0 forcer la confrontation avec des v\u00e9rit\u00e9s souvent inavou\u00e9es. Loin de l&rsquo;\u00e9dulcor\u00e9 et du politiquement correct, Boiszeau se positionne en provocatrice. Ainsi, \u00e0 plusieurs reprises, elle soul\u00e8ve des questions d\u00e9rangeantes : qu&rsquo;est-ce que cela signifie vraiment d&rsquo;\u00eatre f\u00e9ministe ? Qui d\u00e9tient le pouvoir de d\u00e9finir ce terme ? Un dialogue n\u00e9cessaire, mais quelquefois explosif. Elle affirme haut et fort que le f\u00e9minisme ne doit pas \u00eatre un bloc uniforme, mais un oc\u00e9an de nuances, dans lequel coexistent diff\u00e9rentes voix et exp\u00e9riences.<\/p>\n<p>Il est crucial d\u2019examiner de pr\u00e8s la mani\u00e8re dont Boiszeau exploite l\u2019art et le documentaire. Au-del\u00e0 d\u2019un simple divertissement, ses \u0153uvres sont des invitations \u00e0 la r\u00e9flexion, des appels \u00e0 l\u2019indignation. Elle instaure un dialogue essentiel entre le spectateur et la r\u00e9alit\u00e9 des injustices. \u00c0 travers son prisme, on per\u00e7oit les luttes f\u00e9ministes dans toute leur complexit\u00e9. Elle fait r\u00e9sonner l\u2019\u00e9cho de voix qui, autrement, seraient perdues dans le tumulte de l\u2019indiff\u00e9rence collective. Qui aurait song\u00e9 que le simple fait de parler pourrait \u00eatre un acte de r\u00e9bellion ? Boiszeau d\u00e9montre que, souvent, les mots sont plus puissants que n&rsquo;importe quelle arme.<\/p>\n<p>Pour Boiszeau, le f\u00e9minisme n\u2019est pas un \u00e9tat statique, mais un mouvement en constante \u00e9volution. Elle insiste sur l\u2019importance de la solidarit\u00e9 entre toutes les femmes, quelles que soient leurs origines ou leurs r\u00e9cits. Dans son \u0153uvre, la diversit\u00e9 prend une place centrale ; elle est l\u2019alpha et l\u2019om\u00e9ga de son discours. Cela la propulse vers les avant-postes d&rsquo;une r\u00e9volution culturelle, o\u00f9 la richesse des exp\u00e9riences est c\u00e9l\u00e9br\u00e9e plut\u00f4t que condamn\u00e9e. Sa vision d&rsquo;un f\u00e9minisme inclusif et intersectionnel est un puissant antidote contre les tendances \u00e0 l&rsquo;exclusion qui peuvent parfois poindre dans les luttes pour les droits des femmes.<\/p>\n<p>Il est imp\u00e9ratif de renouveler notre compr\u00e9hension du f\u00e9minisme \u00e0 travers le prisme des voix vari\u00e9es que Boiszeau met en avant. En exposant les histoires d\u2019invisibilit\u00e9, elle d\u00e9verrouille des v\u00e9rit\u00e9s insoup\u00e7onn\u00e9es et engage chacun de nous \u00e0 penser au-del\u00e0 des clich\u00e9s bien \u00e9tablis. Le f\u00e9minisme, pour elle, ne se r\u00e9sume pas \u00e0 une seule narrative mais doit \u00eatre un kal\u00e9idoscope d&rsquo;exp\u00e9riences. Seulement en embrassant cette pluralit\u00e9, nous pourrons construire un mouvement r\u00e9ellement inclusif et solidaire.<\/p>\n<p>Enfin, le legs de Sophie Boiszeau ne r\u00e9side pas seulement dans ses \u0153uvres, mais aussi dans la mani\u00e8re dont elle inspire la prochaine g\u00e9n\u00e9ration de f\u00e9ministes. En ouvrant des espaces de dialogue et d&rsquo;\u00e9change, elle s\u2019assure que les luttes d&rsquo;hier se transforment en r\u00e9sistances d&rsquo;aujourd&rsquo;hui. En encourageant les jeunes femmes \u00e0 s&rsquo;exprimer, \u00e0 revendiquer leurs droits, elle joue un r\u00f4le cruciale dans l&rsquo;\u00e9dification d&rsquo;un avenir o\u00f9 chaque voix sera entendue. Plut\u00f4t que de voir le f\u00e9minisme comme une simple lutte, Boiszeau en fait un art, un acte de courage, et avant tout une c\u00e9l\u00e9bration de la vie. C&rsquo;est cette essence, cette audace \u00e0 aborder les questions difficiles sans compromis, qui fait de Sophie Boiszeau une figure embl\u00e9matique du f\u00e9minisme contemporain.<\/p>\n","protected":false},"excerpt":{"rendered":"<p>Dans l&rsquo;univers tumultueux des luttes f\u00e9ministes contemporaines, rares sont celles qui se distinguent par une voix aussi percutante et sans concession que celle de Sophie Boiszeau. \u00c9crivaine, documentariste et fervente d\u00e9fenseure des droits des femmes, elle incarne non seulement une pens\u00e9e critique, mais aussi une passion br\u00fblante pour l&rsquo;\u00e9galit\u00e9. Sa capacit\u00e9 \u00e0 articuler des concepts [&hellip;]<\/p>\n","protected":false},"author":1,"featured_media":1041782,"comment_status":"open","ping_status":"open","sticky":false,"template":"","format":"standard","meta":{"footnotes":""},"categories":[77],"tags":[],"class_list":{"0":"post-1041781","1":"post","2":"type-post","3":"status-publish","4":"format-standard","5":"has-post-thumbnail","7":"category-en-vedette"},"yoast_head":"<!-- This site is optimized with the Yoast SEO plugin v27.4 - https:\/\/yoast.com\/product\/yoast-seo-wordpress\/ -->\n<title>Sans compromis f\u00e9ministe : Sophie Boiszeau une voix sans concession<\/title>\n<meta name=\"description\" content=\"Dans l&#039;univers tumultueux des luttes f\u00e9ministes contemporaines, rares sont celles qui se distinguent par une voix aussi percutante et sans concession que\" \/>\n<meta name=\"robots\" content=\"index, follow, max-snippet:-1, max-image-preview:large, max-video-preview:-1\" \/>\n<link rel=\"canonical\" href=\"https:\/\/thefeminismproject.com\/fr\/en-vedette\/sans-compromis-feministe-sophie-boiszeau-une-voix-sans-concession\/\" \/>\n<meta property=\"og:locale\" content=\"fr_FR\" \/>\n<meta property=\"og:type\" content=\"article\" \/>\n<meta property=\"og:title\" content=\"Sans compromis f\u00e9ministe : Sophie Boiszeau une voix sans concession\" \/>\n<meta property=\"og:description\" content=\"Dans l&#039;univers tumultueux des luttes f\u00e9ministes contemporaines, rares sont celles qui se distinguent par une voix aussi percutante et sans concession que\" \/>\n<meta property=\"og:url\" content=\"https:\/\/thefeminismproject.com\/fr\/en-vedette\/sans-compromis-feministe-sophie-boiszeau-une-voix-sans-concession\/\" \/>\n<meta property=\"og:site_name\" content=\"thefeminismproject.com\" \/>\n<meta property=\"article:published_time\" content=\"2025-04-20T13:08:12+00:00\" \/>\n<meta property=\"article:modified_time\" content=\"2025-04-27T07:31:41+00:00\" \/>\n<meta property=\"og:image\" content=\"https:\/\/thefeminismproject.com\/wp-content\/uploads\/2025\/04\/FZ6I4OENZO4RHKQS7NCTNJBX3Y.png\" \/>\n\t<meta property=\"og:image:width\" content=\"1200\" \/>\n\t<meta property=\"og:image:height\" content=\"630\" \/>\n\t<meta property=\"og:image:type\" content=\"image\/jpeg\" \/>\n<meta name=\"author\" content=\"Joaquimma Anna\" \/>\n<meta name=\"twitter:card\" content=\"summary_large_image\" \/>\n<meta name=\"twitter:label1\" content=\"\u00c9crit par\" \/>\n\t<meta name=\"twitter:data1\" content=\"Joaquimma Anna\" \/>\n\t<meta name=\"twitter:label2\" content=\"Dur\u00e9e de lecture estim\u00e9e\" \/>\n\t<meta name=\"twitter:data2\" content=\"5 minutes\" \/>\n<script type=\"application\/ld+json\" class=\"yoast-schema-graph\">{\"@context\":\"https:\\\/\\\/schema.org\",\"@graph\":[{\"@type\":\"Article\",\"@id\":\"https:\\\/\\\/thefeminismproject.com\\\/fr\\\/en-vedette\\\/sans-compromis-feministe-sophie-boiszeau-une-voix-sans-concession\\\/#article\",\"isPartOf\":{\"@id\":\"https:\\\/\\\/thefeminismproject.com\\\/fr\\\/en-vedette\\\/sans-compromis-feministe-sophie-boiszeau-une-voix-sans-concession\\\/\"},\"author\":{\"name\":\"Joaquimma Anna\",\"@id\":\"https:\\\/\\\/thefeminismproject.com\\\/fr\\\/#\\\/schema\\\/person\\\/d2d84f0918ac04ca2b9f5b912890ad51\"},\"headline\":\"Sans compromis f\u00e9ministe : Sophie Boiszeau une voix sans concession\",\"datePublished\":\"2025-04-20T13:08:12+00:00\",\"dateModified\":\"2025-04-27T07:31:41+00:00\",\"mainEntityOfPage\":{\"@id\":\"https:\\\/\\\/thefeminismproject.com\\\/fr\\\/en-vedette\\\/sans-compromis-feministe-sophie-boiszeau-une-voix-sans-concession\\\/\"},\"wordCount\":932,\"commentCount\":0,\"publisher\":{\"@id\":\"https:\\\/\\\/thefeminismproject.com\\\/fr\\\/#organization\"},\"image\":{\"@id\":\"https:\\\/\\\/thefeminismproject.com\\\/fr\\\/en-vedette\\\/sans-compromis-feministe-sophie-boiszeau-une-voix-sans-concession\\\/#primaryimage\"},\"thumbnailUrl\":\"https:\\\/\\\/thefeminismproject.com\\\/wp-content\\\/uploads\\\/2025\\\/04\\\/FZ6I4OENZO4RHKQS7NCTNJBX3Y.png\",\"articleSection\":[\"En vedette\"],\"inLanguage\":\"fr-FR\",\"potentialAction\":[{\"@type\":\"CommentAction\",\"name\":\"Comment\",\"target\":[\"https:\\\/\\\/thefeminismproject.com\\\/fr\\\/en-vedette\\\/sans-compromis-feministe-sophie-boiszeau-une-voix-sans-concession\\\/#respond\"]}]},{\"@type\":\"WebPage\",\"@id\":\"https:\\\/\\\/thefeminismproject.com\\\/fr\\\/en-vedette\\\/sans-compromis-feministe-sophie-boiszeau-une-voix-sans-concession\\\/\",\"url\":\"https:\\\/\\\/thefeminismproject.com\\\/fr\\\/en-vedette\\\/sans-compromis-feministe-sophie-boiszeau-une-voix-sans-concession\\\/\",\"name\":\"Sans compromis f\u00e9ministe : Sophie Boiszeau une voix sans concession\",\"isPartOf\":{\"@id\":\"https:\\\/\\\/thefeminismproject.com\\\/fr\\\/#website\"},\"primaryImageOfPage\":{\"@id\":\"https:\\\/\\\/thefeminismproject.com\\\/fr\\\/en-vedette\\\/sans-compromis-feministe-sophie-boiszeau-une-voix-sans-concession\\\/#primaryimage\"},\"image\":{\"@id\":\"https:\\\/\\\/thefeminismproject.com\\\/fr\\\/en-vedette\\\/sans-compromis-feministe-sophie-boiszeau-une-voix-sans-concession\\\/#primaryimage\"},\"thumbnailUrl\":\"https:\\\/\\\/thefeminismproject.com\\\/wp-content\\\/uploads\\\/2025\\\/04\\\/FZ6I4OENZO4RHKQS7NCTNJBX3Y.png\",\"datePublished\":\"2025-04-20T13:08:12+00:00\",\"dateModified\":\"2025-04-27T07:31:41+00:00\",\"description\":\"Dans l'univers tumultueux des luttes f\u00e9ministes contemporaines, rares sont celles qui se distinguent par une voix aussi percutante et sans concession que\",\"breadcrumb\":{\"@id\":\"https:\\\/\\\/thefeminismproject.com\\\/fr\\\/en-vedette\\\/sans-compromis-feministe-sophie-boiszeau-une-voix-sans-concession\\\/#breadcrumb\"},\"inLanguage\":\"fr-FR\",\"potentialAction\":[{\"@type\":\"ReadAction\",\"target\":[\"https:\\\/\\\/thefeminismproject.com\\\/fr\\\/en-vedette\\\/sans-compromis-feministe-sophie-boiszeau-une-voix-sans-concession\\\/\"]}]},{\"@type\":\"ImageObject\",\"inLanguage\":\"fr-FR\",\"@id\":\"https:\\\/\\\/thefeminismproject.com\\\/fr\\\/en-vedette\\\/sans-compromis-feministe-sophie-boiszeau-une-voix-sans-concession\\\/#primaryimage\",\"url\":\"https:\\\/\\\/thefeminismproject.com\\\/wp-content\\\/uploads\\\/2025\\\/04\\\/FZ6I4OENZO4RHKQS7NCTNJBX3Y.png\",\"contentUrl\":\"https:\\\/\\\/thefeminismproject.com\\\/wp-content\\\/uploads\\\/2025\\\/04\\\/FZ6I4OENZO4RHKQS7NCTNJBX3Y.png\",\"width\":1200,\"height\":630},{\"@type\":\"BreadcrumbList\",\"@id\":\"https:\\\/\\\/thefeminismproject.com\\\/fr\\\/en-vedette\\\/sans-compromis-feministe-sophie-boiszeau-une-voix-sans-concession\\\/#breadcrumb\",\"itemListElement\":[{\"@type\":\"ListItem\",\"position\":1,\"name\":\"Home\",\"item\":\"https:\\\/\\\/thefeminismproject.com\\\/fr\\\/accueil\\\/\"},{\"@type\":\"ListItem\",\"position\":2,\"name\":\"Sans compromis f\u00e9ministe : Sophie Boiszeau une voix sans concession\"}]},{\"@type\":\"WebSite\",\"@id\":\"https:\\\/\\\/thefeminismproject.com\\\/fr\\\/#website\",\"url\":\"https:\\\/\\\/thefeminismproject.com\\\/fr\\\/\",\"name\":\"thefeminismproject.com\",\"description\":\"Popular culture with a feminist twist | let&#039;s talk about things that matter (news that feels right)\",\"publisher\":{\"@id\":\"https:\\\/\\\/thefeminismproject.com\\\/fr\\\/#organization\"},\"potentialAction\":[{\"@type\":\"SearchAction\",\"target\":{\"@type\":\"EntryPoint\",\"urlTemplate\":\"https:\\\/\\\/thefeminismproject.com\\\/fr\\\/?s={search_term_string}\"},\"query-input\":{\"@type\":\"PropertyValueSpecification\",\"valueRequired\":true,\"valueName\":\"search_term_string\"}}],\"inLanguage\":\"fr-FR\"},{\"@type\":\"Organization\",\"@id\":\"https:\\\/\\\/thefeminismproject.com\\\/fr\\\/#organization\",\"name\":\"thefeminismproject.com\",\"url\":\"https:\\\/\\\/thefeminismproject.com\\\/fr\\\/\",\"logo\":{\"@type\":\"ImageObject\",\"inLanguage\":\"fr-FR\",\"@id\":\"https:\\\/\\\/thefeminismproject.com\\\/fr\\\/#\\\/schema\\\/logo\\\/image\\\/\",\"url\":\"https:\\\/\\\/thefeminismproject.com\\\/wp-content\\\/uploads\\\/2024\\\/10\\\/pexels-vazhnik-7561648.jpg\",\"contentUrl\":\"https:\\\/\\\/thefeminismproject.com\\\/wp-content\\\/uploads\\\/2024\\\/10\\\/pexels-vazhnik-7561648.jpg\",\"width\":2500,\"height\":1667,\"caption\":\"thefeminismproject.com\"},\"image\":{\"@id\":\"https:\\\/\\\/thefeminismproject.com\\\/fr\\\/#\\\/schema\\\/logo\\\/image\\\/\"}},{\"@type\":\"Person\",\"@id\":\"https:\\\/\\\/thefeminismproject.com\\\/fr\\\/#\\\/schema\\\/person\\\/d2d84f0918ac04ca2b9f5b912890ad51\",\"name\":\"Joaquimma Anna\",\"image\":{\"@type\":\"ImageObject\",\"inLanguage\":\"fr-FR\",\"@id\":\"https:\\\/\\\/secure.gravatar.com\\\/avatar\\\/7d06747db1565e73d68391d596fc2eb15a10a4b4c1864574c454435523af94f1?s=96&d=mm&r=g\",\"url\":\"https:\\\/\\\/secure.gravatar.com\\\/avatar\\\/7d06747db1565e73d68391d596fc2eb15a10a4b4c1864574c454435523af94f1?s=96&d=mm&r=g\",\"contentUrl\":\"https:\\\/\\\/secure.gravatar.com\\\/avatar\\\/7d06747db1565e73d68391d596fc2eb15a10a4b4c1864574c454435523af94f1?s=96&d=mm&r=g\",\"caption\":\"Joaquimma Anna\"},\"description\":\"Hi my name Joaquimma Anna, and let's tumble down the rabbit hole of thought! At thefeminismproject.com, this blog is a whimsical carnival of ideas. As a mischievous feminism activist, I'm here to juggle the narratives of women. This project? A delightful escapade into the absurdities and splendors of our world. Expect the unexpected!\",\"sameAs\":[\"http:\\\/\\\/thefeminismproject.com\"],\"url\":\"https:\\\/\\\/thefeminismproject.com\\\/fr\\\/author\\\/bella-sungkawa\\\/\"}]}<\/script>\n<!-- \/ Yoast SEO plugin. -->","yoast_head_json":{"title":"Sans compromis f\u00e9ministe : Sophie Boiszeau une voix sans concession","description":"Dans l'univers tumultueux des luttes f\u00e9ministes contemporaines, rares sont celles qui se distinguent par une voix aussi percutante et sans concession que","robots":{"index":"index","follow":"follow","max-snippet":"max-snippet:-1","max-image-preview":"max-image-preview:large","max-video-preview":"max-video-preview:-1"},"canonical":"https:\/\/thefeminismproject.com\/fr\/en-vedette\/sans-compromis-feministe-sophie-boiszeau-une-voix-sans-concession\/","og_locale":"fr_FR","og_type":"article","og_title":"Sans compromis f\u00e9ministe : Sophie Boiszeau une voix sans concession","og_description":"Dans l'univers tumultueux des luttes f\u00e9ministes contemporaines, rares sont celles qui se distinguent par une voix aussi percutante et sans concession que","og_url":"https:\/\/thefeminismproject.com\/fr\/en-vedette\/sans-compromis-feministe-sophie-boiszeau-une-voix-sans-concession\/","og_site_name":"thefeminismproject.com","article_published_time":"2025-04-20T13:08:12+00:00","article_modified_time":"2025-04-27T07:31:41+00:00","og_image":[{"width":1200,"height":630,"url":"https:\/\/thefeminismproject.com\/wp-content\/uploads\/2025\/04\/FZ6I4OENZO4RHKQS7NCTNJBX3Y.png","type":"image\/jpeg"}],"author":"Joaquimma Anna","twitter_card":"summary_large_image","twitter_misc":{"\u00c9crit par":"Joaquimma Anna","Dur\u00e9e de lecture estim\u00e9e":"5 minutes"},"schema":{"@context":"https:\/\/schema.org","@graph":[{"@type":"Article","@id":"https:\/\/thefeminismproject.com\/fr\/en-vedette\/sans-compromis-feministe-sophie-boiszeau-une-voix-sans-concession\/#article","isPartOf":{"@id":"https:\/\/thefeminismproject.com\/fr\/en-vedette\/sans-compromis-feministe-sophie-boiszeau-une-voix-sans-concession\/"},"author":{"name":"Joaquimma Anna","@id":"https:\/\/thefeminismproject.com\/fr\/#\/schema\/person\/d2d84f0918ac04ca2b9f5b912890ad51"},"headline":"Sans compromis f\u00e9ministe : Sophie Boiszeau une voix sans concession","datePublished":"2025-04-20T13:08:12+00:00","dateModified":"2025-04-27T07:31:41+00:00","mainEntityOfPage":{"@id":"https:\/\/thefeminismproject.com\/fr\/en-vedette\/sans-compromis-feministe-sophie-boiszeau-une-voix-sans-concession\/"},"wordCount":932,"commentCount":0,"publisher":{"@id":"https:\/\/thefeminismproject.com\/fr\/#organization"},"image":{"@id":"https:\/\/thefeminismproject.com\/fr\/en-vedette\/sans-compromis-feministe-sophie-boiszeau-une-voix-sans-concession\/#primaryimage"},"thumbnailUrl":"https:\/\/thefeminismproject.com\/wp-content\/uploads\/2025\/04\/FZ6I4OENZO4RHKQS7NCTNJBX3Y.png","articleSection":["En vedette"],"inLanguage":"fr-FR","potentialAction":[{"@type":"CommentAction","name":"Comment","target":["https:\/\/thefeminismproject.com\/fr\/en-vedette\/sans-compromis-feministe-sophie-boiszeau-une-voix-sans-concession\/#respond"]}]},{"@type":"WebPage","@id":"https:\/\/thefeminismproject.com\/fr\/en-vedette\/sans-compromis-feministe-sophie-boiszeau-une-voix-sans-concession\/","url":"https:\/\/thefeminismproject.com\/fr\/en-vedette\/sans-compromis-feministe-sophie-boiszeau-une-voix-sans-concession\/","name":"Sans compromis f\u00e9ministe : Sophie Boiszeau une voix sans concession","isPartOf":{"@id":"https:\/\/thefeminismproject.com\/fr\/#website"},"primaryImageOfPage":{"@id":"https:\/\/thefeminismproject.com\/fr\/en-vedette\/sans-compromis-feministe-sophie-boiszeau-une-voix-sans-concession\/#primaryimage"},"image":{"@id":"https:\/\/thefeminismproject.com\/fr\/en-vedette\/sans-compromis-feministe-sophie-boiszeau-une-voix-sans-concession\/#primaryimage"},"thumbnailUrl":"https:\/\/thefeminismproject.com\/wp-content\/uploads\/2025\/04\/FZ6I4OENZO4RHKQS7NCTNJBX3Y.png","datePublished":"2025-04-20T13:08:12+00:00","dateModified":"2025-04-27T07:31:41+00:00","description":"Dans l'univers tumultueux des luttes f\u00e9ministes contemporaines, rares sont celles qui se distinguent par une voix aussi percutante et sans concession que","breadcrumb":{"@id":"https:\/\/thefeminismproject.com\/fr\/en-vedette\/sans-compromis-feministe-sophie-boiszeau-une-voix-sans-concession\/#breadcrumb"},"inLanguage":"fr-FR","potentialAction":[{"@type":"ReadAction","target":["https:\/\/thefeminismproject.com\/fr\/en-vedette\/sans-compromis-feministe-sophie-boiszeau-une-voix-sans-concession\/"]}]},{"@type":"ImageObject","inLanguage":"fr-FR","@id":"https:\/\/thefeminismproject.com\/fr\/en-vedette\/sans-compromis-feministe-sophie-boiszeau-une-voix-sans-concession\/#primaryimage","url":"https:\/\/thefeminismproject.com\/wp-content\/uploads\/2025\/04\/FZ6I4OENZO4RHKQS7NCTNJBX3Y.png","contentUrl":"https:\/\/thefeminismproject.com\/wp-content\/uploads\/2025\/04\/FZ6I4OENZO4RHKQS7NCTNJBX3Y.png","width":1200,"height":630},{"@type":"BreadcrumbList","@id":"https:\/\/thefeminismproject.com\/fr\/en-vedette\/sans-compromis-feministe-sophie-boiszeau-une-voix-sans-concession\/#breadcrumb","itemListElement":[{"@type":"ListItem","position":1,"name":"Home","item":"https:\/\/thefeminismproject.com\/fr\/accueil\/"},{"@type":"ListItem","position":2,"name":"Sans compromis f\u00e9ministe : Sophie Boiszeau une voix sans concession"}]},{"@type":"WebSite","@id":"https:\/\/thefeminismproject.com\/fr\/#website","url":"https:\/\/thefeminismproject.com\/fr\/","name":"thefeminismproject.com","description":"Popular culture with a feminist twist | let&#039;s talk about things that matter (news that feels right)","publisher":{"@id":"https:\/\/thefeminismproject.com\/fr\/#organization"},"potentialAction":[{"@type":"SearchAction","target":{"@type":"EntryPoint","urlTemplate":"https:\/\/thefeminismproject.com\/fr\/?s={search_term_string}"},"query-input":{"@type":"PropertyValueSpecification","valueRequired":true,"valueName":"search_term_string"}}],"inLanguage":"fr-FR"},{"@type":"Organization","@id":"https:\/\/thefeminismproject.com\/fr\/#organization","name":"thefeminismproject.com","url":"https:\/\/thefeminismproject.com\/fr\/","logo":{"@type":"ImageObject","inLanguage":"fr-FR","@id":"https:\/\/thefeminismproject.com\/fr\/#\/schema\/logo\/image\/","url":"https:\/\/thefeminismproject.com\/wp-content\/uploads\/2024\/10\/pexels-vazhnik-7561648.jpg","contentUrl":"https:\/\/thefeminismproject.com\/wp-content\/uploads\/2024\/10\/pexels-vazhnik-7561648.jpg","width":2500,"height":1667,"caption":"thefeminismproject.com"},"image":{"@id":"https:\/\/thefeminismproject.com\/fr\/#\/schema\/logo\/image\/"}},{"@type":"Person","@id":"https:\/\/thefeminismproject.com\/fr\/#\/schema\/person\/d2d84f0918ac04ca2b9f5b912890ad51","name":"Joaquimma Anna","image":{"@type":"ImageObject","inLanguage":"fr-FR","@id":"https:\/\/secure.gravatar.com\/avatar\/7d06747db1565e73d68391d596fc2eb15a10a4b4c1864574c454435523af94f1?s=96&d=mm&r=g","url":"https:\/\/secure.gravatar.com\/avatar\/7d06747db1565e73d68391d596fc2eb15a10a4b4c1864574c454435523af94f1?s=96&d=mm&r=g","contentUrl":"https:\/\/secure.gravatar.com\/avatar\/7d06747db1565e73d68391d596fc2eb15a10a4b4c1864574c454435523af94f1?s=96&d=mm&r=g","caption":"Joaquimma Anna"},"description":"Hi my name Joaquimma Anna, and let's tumble down the rabbit hole of thought! At thefeminismproject.com, this blog is a whimsical carnival of ideas. As a mischievous feminism activist, I'm here to juggle the narratives of women. This project? A delightful escapade into the absurdities and splendors of our world. Expect the unexpected!","sameAs":["http:\/\/thefeminismproject.com"],"url":"https:\/\/thefeminismproject.com\/fr\/author\/bella-sungkawa\/"}]}},"_links":{"self":[{"href":"https:\/\/thefeminismproject.com\/fr\/wp-json\/wp\/v2\/posts\/1041781","targetHints":{"allow":["GET"]}}],"collection":[{"href":"https:\/\/thefeminismproject.com\/fr\/wp-json\/wp\/v2\/posts"}],"about":[{"href":"https:\/\/thefeminismproject.com\/fr\/wp-json\/wp\/v2\/types\/post"}],"author":[{"embeddable":true,"href":"https:\/\/thefeminismproject.com\/fr\/wp-json\/wp\/v2\/users\/1"}],"replies":[{"embeddable":true,"href":"https:\/\/thefeminismproject.com\/fr\/wp-json\/wp\/v2\/comments?post=1041781"}],"version-history":[{"count":1,"href":"https:\/\/thefeminismproject.com\/fr\/wp-json\/wp\/v2\/posts\/1041781\/revisions"}],"predecessor-version":[{"id":1041786,"href":"https:\/\/thefeminismproject.com\/fr\/wp-json\/wp\/v2\/posts\/1041781\/revisions\/1041786"}],"wp:featuredmedia":[{"embeddable":true,"href":"https:\/\/thefeminismproject.com\/fr\/wp-json\/wp\/v2\/media\/1041782"}],"wp:attachment":[{"href":"https:\/\/thefeminismproject.com\/fr\/wp-json\/wp\/v2\/media?parent=1041781"}],"wp:term":[{"taxonomy":"category","embeddable":true,"href":"https:\/\/thefeminismproject.com\/fr\/wp-json\/wp\/v2\/categories?post=1041781"},{"taxonomy":"post_tag","embeddable":true,"href":"https:\/\/thefeminismproject.com\/fr\/wp-json\/wp\/v2\/tags?post=1041781"}],"curies":[{"name":"wp","href":"https:\/\/api.w.org\/{rel}","templated":true}]}}