{"id":1041962,"date":"2025-04-15T17:45:45","date_gmt":"2025-04-15T17:45:45","guid":{"rendered":"https:\/\/thefeminismproject.com\/non-categorise\/tu-seras-un-homme-feministe-mon-fils-gibertaurelia-blanc-le-livre-reference\/"},"modified":"2025-04-15T17:45:45","modified_gmt":"2025-04-15T17:45:45","slug":"tu-seras-un-homme-feministe-mon-fils-gibertaurelia-blanc-le-livre-reference","status":"publish","type":"post","link":"https:\/\/thefeminismproject.com\/fr\/en-vedette\/tu-seras-un-homme-feministe-mon-fils-gibertaurelia-blanc-le-livre-reference\/","title":{"rendered":"Tu seras un homme f\u00e9ministe mon fils (GibertAur\u00e9lia Blanc) : Le livre r\u00e9f\u00e9rence"},"content":{"rendered":"<p>Dans le paysage litt\u00e9raire contemporain, \u00ab\u00a0Tu seras un homme f\u00e9ministe mon fils\u00a0\u00bb d&rsquo;Aur\u00e9lia Blanc se d\u00e9finit presque comme un manifeste. Mais pourquoi ? Avons-nous r\u00e9ellement besoin d\u2019un guide sur la masculinit\u00e9 f\u00e9ministe ? Cette question suscite une r\u00e9flexion audacieuse sur les attentes soci\u00e9tales et les normes de genre. D\u00e9ambuler \u00e0 travers les pages de cet ouvrage, c\u2019est mieux comprendre les m\u00e9andres d&rsquo;une adolescence o\u00f9 les notions de masculinit\u00e9 sont constamment questionn\u00e9es. Faut-il \u00eatre un homme viril, ou peut-on embrasser une forme de masculinit\u00e9 \u00e9panouie, inclusive et sensible ?<\/p>\n<p>L&rsquo;ouvrage s&rsquo;articule autour d&rsquo;une simple mais essentielle pr\u00e9misse : l&rsquo;\u00e9ducation des jeunes gar\u00e7ons en tant que futurs hommes dans la soci\u00e9t\u00e9 contemporaine. Aur\u00e9lia Blanc ne recule devant aucun tabou, elle l&rsquo;invite sur le devant de la sc\u00e8ne. Les st\u00e9r\u00e9otypes de genre sont comme des armures. Elles nous prot\u00e8gent, mais elles nous \u00e9touffent \u00e9galement. Qui a dit qu\u2019\u00eatre un homme devait \u00eatre synonyme de puissance et de domination ? Pourquoi ne pas opter pour les valeurs de collaboration, d&#8217;empathie et de respect ?<\/p>\n<p>Tout commence, en r\u00e9alit\u00e9, par une critique ouverte des r\u00f4les de genre archa\u00efques. Dans ce livre, l&rsquo;auteure interroge ces mod\u00e8les patriarcaux qui semblent se perp\u00e9tuer de g\u00e9n\u00e9ration en g\u00e9n\u00e9ration. Elle jette un pav\u00e9 dans la mare en affirmant que la virilit\u00e9 est une performance, une sorte de th\u00e9\u00e2tre social. En d&rsquo;autres termes, elle invite les lecteurs \u00e0 questionner leurs propres comportements. Est-ce que nous ne reproduisons pas, sans y penser, des comportements toxiques ?<\/p>\n<p>Blanc pr\u00e9sente des anecdotes et des t\u00e9moignages qui illustrent \u00e0 quel point il est crucial de d\u00e9construire ces attentes. L&rsquo;interaction entre parents et enfants devient un fil conducteur. Comment pouvons-nous, en tant que soci\u00e9t\u00e9, ouvrir les yeux de nos fils sur ce que signifie r\u00e9ellement \u00eatre un homme ? La r\u00e9ponse est aussi simple qu&rsquo;elle est complexe : il s&rsquo;agit d&rsquo;apprendre \u00e0 reconna\u00eetre et \u00e0 revaloriser les \u00e9motions, de combattre les pr\u00e9jug\u00e9s et les discriminations. En gros, il s&rsquo;agit d&rsquo;enseigner la d\u00e9construction des st\u00e9r\u00e9otypes d\u00e8s le plus jeune \u00e2ge.<\/p>\n<p>Un aspect particuli\u00e8rement provocateur de cet ouvrage est l\u2019exploration des effets n\u00e9fastes du patriarcat sur les hommes eux-m\u00eames. Aur\u00e9lia Blanc avance un argument \u00e9clairant : la masculinit\u00e9 traditionnelle n\u2019est pas seulement nocive pour les femmes, elle l&rsquo;est aussi pour les hommes. Vous doutez de cela ? Pensez \u00e0 la pression de r\u00e9ussir, \u00e0 la peur de montrer des faiblesses ou m\u00eame \u00e0 la n\u00e9cessit\u00e9 de se montrer indiff\u00e9rent aux souffrances des autres. Tout cela est une forme d\u2019ali\u00e9nation. L&rsquo;auteur nous propose d\u2019ouvrir les yeux sur ce paradoxe et de r\u00e9fl\u00e9chir \u00e0 la mani\u00e8re dont la lib\u00e9ration des femmes pourrait \u00e9galement mener \u00e0 la lib\u00e9ration des hommes.<\/p>\n<p>Mais alors, qu&rsquo;est-ce qui emp\u00eache cette \u00e9volution ? Pourquoi tant de r\u00e9sistance face \u00e0 l&rsquo;id\u00e9e d&rsquo;une masculinit\u00e9 f\u00e9ministe ? Les r\u00e9ponses sont multiples : la peur de perdre son statut, l&rsquo;angoisse face \u00e0 l&rsquo;inconnu, et cette fameuse culture du silence, omnipr\u00e9sente dans les conversations sur la masculinit\u00e9. Blanc soul\u00e8ve ces interrogations avec brio, nous poussant \u00e0 envisager que ce changement n\u2019est pas seulement n\u00e9cessaire, il est in\u00e9vitable. En ouvrant le d\u00e9bat, elle permet de briser le carcan qui entrave tant les hommes que les femmes.<\/p>\n<p>Au fil des pages, un message \u00e9merge avec force : il n&rsquo;y a pas de honte \u00e0 \u00eatre un homme f\u00e9ministe, au contraire, c&rsquo;est un acte de bravoure. Car il faut du courage pour red\u00e9finir son identit\u00e9 dans une soci\u00e9t\u00e9 qui valorise la virilit\u00e9 au d\u00e9triment de la sensibilit\u00e9. Aur\u00e9lia Blanc se positionne comme une guide, mais pas au sens traditionnel du terme. Elle provoque une introspection chez ses lecteurs. Cela nous am\u00e8ne \u00e0 une question essentielle : comment un jeune gar\u00e7on peut-il devenir un homme qui embrasse le f\u00e9minisme sans se sentir emprisonn\u00e9 par les normes traditionnelles?<\/p>\n<p>La lecture de \u00ab\u00a0Tu seras un homme f\u00e9ministe mon fils\u00a0\u00bb est un v\u00e9ritable processus cathartique. C&rsquo;est, litt\u00e9ralement, un appel \u00e0 l&rsquo;action. Chaque chapitre semble judicieusement con\u00e7u pour inciter \u00e0 r\u00e9fl\u00e9chir, \u00e0 dialoguer. Les exercices pratiques qu&rsquo;elle propose ne sont pas simplement des conseils, mais des invitations \u00e0 lancer une v\u00e9ritable r\u00e9volution personnelle. Vient alors la superbe id\u00e9e que la libert\u00e9 peut \u00eatre un choix conscient, sur la mani\u00e8re dont nous souhaitons exister dans nos relations, dans nos interactions et dans notre place au sein de la soci\u00e9t\u00e9.<\/p>\n<p>En conclusion, Aur\u00e9lia Blanc nous offre un livre qui m\u00e9rite d\u2019\u00eatre lu, discut\u00e9 et d\u00e9battu. \u00ab\u00a0Tu seras un homme f\u00e9ministe mon fils\u00a0\u00bb est bien plus qu&rsquo;un simple manuel sur la masculinit\u00e9. C&rsquo;est une exploration, une r\u00e9v\u00e9lation, et surtout un d\u00e9fi. Osez-vous embrasser cette vision ? Ce n&rsquo;est pas un simple intitul\u00e9 ou une question provocatrice ; c&rsquo;est un appel \u00e0 transformer le monde, un gar\u00e7on \u00e0 la fois. L&rsquo;avenir, assurez-vous, ne peut \u00eatre construit que sur les fondations du respect et de l&rsquo;\u00e9galit\u00e9. Alors, qu\u2019attendez-vous pour faire ce premier pas ?<\/p>\n","protected":false},"excerpt":{"rendered":"<p>Dans le paysage litt\u00e9raire contemporain, \u00ab\u00a0Tu seras un homme f\u00e9ministe mon fils\u00a0\u00bb d&rsquo;Aur\u00e9lia Blanc se d\u00e9finit presque comme un manifeste. Mais pourquoi ? Avons-nous r\u00e9ellement besoin d\u2019un guide sur la masculinit\u00e9 f\u00e9ministe ? Cette question suscite une r\u00e9flexion audacieuse sur les attentes soci\u00e9tales et les normes de genre. D\u00e9ambuler \u00e0 travers les pages de cet [&hellip;]<\/p>\n","protected":false},"author":1,"featured_media":1041920,"comment_status":"open","ping_status":"open","sticky":false,"template":"","format":"standard","meta":{"footnotes":""},"categories":[77],"tags":[],"class_list":{"0":"post-1041962","1":"post","2":"type-post","3":"status-publish","4":"format-standard","5":"has-post-thumbnail","7":"category-en-vedette"},"yoast_head":"<!-- This site is optimized with the Yoast SEO plugin v27.4 - https:\/\/yoast.com\/product\/yoast-seo-wordpress\/ -->\n<title>Tu seras un homme f\u00e9ministe mon fils (GibertAur\u00e9lia Blanc) : Le livre r\u00e9f\u00e9rence<\/title>\n<meta name=\"description\" content=\"Dans le paysage litt\u00e9raire contemporain, &quot;Tu seras un homme f\u00e9ministe mon fils&quot; d&#039;Aur\u00e9lia Blanc se d\u00e9finit presque comme un manifeste. Mais pourquoi ?\" \/>\n<meta name=\"robots\" content=\"index, follow, max-snippet:-1, max-image-preview:large, max-video-preview:-1\" \/>\n<link rel=\"canonical\" href=\"https:\/\/thefeminismproject.com\/fr\/en-vedette\/tu-seras-un-homme-feministe-mon-fils-gibertaurelia-blanc-le-livre-reference\/\" \/>\n<meta property=\"og:locale\" content=\"fr_FR\" \/>\n<meta property=\"og:type\" content=\"article\" \/>\n<meta property=\"og:title\" content=\"Tu seras un homme f\u00e9ministe mon fils (GibertAur\u00e9lia Blanc) : Le livre r\u00e9f\u00e9rence\" \/>\n<meta property=\"og:description\" content=\"Dans le paysage litt\u00e9raire contemporain, &quot;Tu seras un homme f\u00e9ministe mon fils&quot; d&#039;Aur\u00e9lia Blanc se d\u00e9finit presque comme un manifeste. Mais pourquoi ?\" \/>\n<meta property=\"og:url\" content=\"https:\/\/thefeminismproject.com\/fr\/en-vedette\/tu-seras-un-homme-feministe-mon-fils-gibertaurelia-blanc-le-livre-reference\/\" \/>\n<meta property=\"og:site_name\" content=\"thefeminismproject.com\" \/>\n<meta property=\"article:published_time\" content=\"2025-04-15T17:45:45+00:00\" \/>\n<meta property=\"og:image\" content=\"https:\/\/thefeminismproject.com\/wp-content\/uploads\/2025\/04\/slider_aureliablanc.jpg\" \/>\n\t<meta property=\"og:image:width\" content=\"831\" \/>\n\t<meta property=\"og:image:height\" content=\"554\" \/>\n\t<meta property=\"og:image:type\" content=\"image\/jpeg\" \/>\n<meta name=\"author\" content=\"Joaquimma Anna\" \/>\n<meta name=\"twitter:card\" content=\"summary_large_image\" \/>\n<meta name=\"twitter:label1\" content=\"\u00c9crit par\" \/>\n\t<meta name=\"twitter:data1\" content=\"Joaquimma Anna\" \/>\n\t<meta name=\"twitter:label2\" content=\"Dur\u00e9e de lecture estim\u00e9e\" \/>\n\t<meta name=\"twitter:data2\" content=\"4 minutes\" \/>\n<script type=\"application\/ld+json\" class=\"yoast-schema-graph\">{\"@context\":\"https:\\\/\\\/schema.org\",\"@graph\":[{\"@type\":\"Article\",\"@id\":\"https:\\\/\\\/thefeminismproject.com\\\/fr\\\/en-vedette\\\/tu-seras-un-homme-feministe-mon-fils-gibertaurelia-blanc-le-livre-reference\\\/#article\",\"isPartOf\":{\"@id\":\"https:\\\/\\\/thefeminismproject.com\\\/fr\\\/en-vedette\\\/tu-seras-un-homme-feministe-mon-fils-gibertaurelia-blanc-le-livre-reference\\\/\"},\"author\":{\"name\":\"Joaquimma Anna\",\"@id\":\"https:\\\/\\\/thefeminismproject.com\\\/fr\\\/#\\\/schema\\\/person\\\/d2d84f0918ac04ca2b9f5b912890ad51\"},\"headline\":\"Tu seras un homme f\u00e9ministe mon fils (GibertAur\u00e9lia Blanc) : Le livre r\u00e9f\u00e9rence\",\"datePublished\":\"2025-04-15T17:45:45+00:00\",\"mainEntityOfPage\":{\"@id\":\"https:\\\/\\\/thefeminismproject.com\\\/fr\\\/en-vedette\\\/tu-seras-un-homme-feministe-mon-fils-gibertaurelia-blanc-le-livre-reference\\\/\"},\"wordCount\":913,\"commentCount\":0,\"publisher\":{\"@id\":\"https:\\\/\\\/thefeminismproject.com\\\/fr\\\/#organization\"},\"image\":{\"@id\":\"https:\\\/\\\/thefeminismproject.com\\\/fr\\\/en-vedette\\\/tu-seras-un-homme-feministe-mon-fils-gibertaurelia-blanc-le-livre-reference\\\/#primaryimage\"},\"thumbnailUrl\":\"https:\\\/\\\/thefeminismproject.com\\\/wp-content\\\/uploads\\\/2025\\\/04\\\/slider_aureliablanc.jpg\",\"articleSection\":[\"En vedette\"],\"inLanguage\":\"fr-FR\",\"potentialAction\":[{\"@type\":\"CommentAction\",\"name\":\"Comment\",\"target\":[\"https:\\\/\\\/thefeminismproject.com\\\/fr\\\/en-vedette\\\/tu-seras-un-homme-feministe-mon-fils-gibertaurelia-blanc-le-livre-reference\\\/#respond\"]}]},{\"@type\":\"WebPage\",\"@id\":\"https:\\\/\\\/thefeminismproject.com\\\/fr\\\/en-vedette\\\/tu-seras-un-homme-feministe-mon-fils-gibertaurelia-blanc-le-livre-reference\\\/\",\"url\":\"https:\\\/\\\/thefeminismproject.com\\\/fr\\\/en-vedette\\\/tu-seras-un-homme-feministe-mon-fils-gibertaurelia-blanc-le-livre-reference\\\/\",\"name\":\"Tu seras un homme f\u00e9ministe mon fils (GibertAur\u00e9lia Blanc) : Le livre r\u00e9f\u00e9rence\",\"isPartOf\":{\"@id\":\"https:\\\/\\\/thefeminismproject.com\\\/fr\\\/#website\"},\"primaryImageOfPage\":{\"@id\":\"https:\\\/\\\/thefeminismproject.com\\\/fr\\\/en-vedette\\\/tu-seras-un-homme-feministe-mon-fils-gibertaurelia-blanc-le-livre-reference\\\/#primaryimage\"},\"image\":{\"@id\":\"https:\\\/\\\/thefeminismproject.com\\\/fr\\\/en-vedette\\\/tu-seras-un-homme-feministe-mon-fils-gibertaurelia-blanc-le-livre-reference\\\/#primaryimage\"},\"thumbnailUrl\":\"https:\\\/\\\/thefeminismproject.com\\\/wp-content\\\/uploads\\\/2025\\\/04\\\/slider_aureliablanc.jpg\",\"datePublished\":\"2025-04-15T17:45:45+00:00\",\"description\":\"Dans le paysage litt\u00e9raire contemporain, \\\"Tu seras un homme f\u00e9ministe mon fils\\\" d'Aur\u00e9lia Blanc se d\u00e9finit presque comme un manifeste. Mais pourquoi ?\",\"breadcrumb\":{\"@id\":\"https:\\\/\\\/thefeminismproject.com\\\/fr\\\/en-vedette\\\/tu-seras-un-homme-feministe-mon-fils-gibertaurelia-blanc-le-livre-reference\\\/#breadcrumb\"},\"inLanguage\":\"fr-FR\",\"potentialAction\":[{\"@type\":\"ReadAction\",\"target\":[\"https:\\\/\\\/thefeminismproject.com\\\/fr\\\/en-vedette\\\/tu-seras-un-homme-feministe-mon-fils-gibertaurelia-blanc-le-livre-reference\\\/\"]}]},{\"@type\":\"ImageObject\",\"inLanguage\":\"fr-FR\",\"@id\":\"https:\\\/\\\/thefeminismproject.com\\\/fr\\\/en-vedette\\\/tu-seras-un-homme-feministe-mon-fils-gibertaurelia-blanc-le-livre-reference\\\/#primaryimage\",\"url\":\"https:\\\/\\\/thefeminismproject.com\\\/wp-content\\\/uploads\\\/2025\\\/04\\\/slider_aureliablanc.jpg\",\"contentUrl\":\"https:\\\/\\\/thefeminismproject.com\\\/wp-content\\\/uploads\\\/2025\\\/04\\\/slider_aureliablanc.jpg\",\"width\":831,\"height\":554},{\"@type\":\"BreadcrumbList\",\"@id\":\"https:\\\/\\\/thefeminismproject.com\\\/fr\\\/en-vedette\\\/tu-seras-un-homme-feministe-mon-fils-gibertaurelia-blanc-le-livre-reference\\\/#breadcrumb\",\"itemListElement\":[{\"@type\":\"ListItem\",\"position\":1,\"name\":\"Home\",\"item\":\"https:\\\/\\\/thefeminismproject.com\\\/fr\\\/accueil\\\/\"},{\"@type\":\"ListItem\",\"position\":2,\"name\":\"Tu seras un homme f\u00e9ministe mon fils (GibertAur\u00e9lia Blanc) : Le livre r\u00e9f\u00e9rence\"}]},{\"@type\":\"WebSite\",\"@id\":\"https:\\\/\\\/thefeminismproject.com\\\/fr\\\/#website\",\"url\":\"https:\\\/\\\/thefeminismproject.com\\\/fr\\\/\",\"name\":\"thefeminismproject.com\",\"description\":\"Popular culture with a feminist twist | let&#039;s talk about things that matter (news that feels right)\",\"publisher\":{\"@id\":\"https:\\\/\\\/thefeminismproject.com\\\/fr\\\/#organization\"},\"potentialAction\":[{\"@type\":\"SearchAction\",\"target\":{\"@type\":\"EntryPoint\",\"urlTemplate\":\"https:\\\/\\\/thefeminismproject.com\\\/fr\\\/?s={search_term_string}\"},\"query-input\":{\"@type\":\"PropertyValueSpecification\",\"valueRequired\":true,\"valueName\":\"search_term_string\"}}],\"inLanguage\":\"fr-FR\"},{\"@type\":\"Organization\",\"@id\":\"https:\\\/\\\/thefeminismproject.com\\\/fr\\\/#organization\",\"name\":\"thefeminismproject.com\",\"url\":\"https:\\\/\\\/thefeminismproject.com\\\/fr\\\/\",\"logo\":{\"@type\":\"ImageObject\",\"inLanguage\":\"fr-FR\",\"@id\":\"https:\\\/\\\/thefeminismproject.com\\\/fr\\\/#\\\/schema\\\/logo\\\/image\\\/\",\"url\":\"https:\\\/\\\/thefeminismproject.com\\\/wp-content\\\/uploads\\\/2024\\\/10\\\/pexels-vazhnik-7561648.jpg\",\"contentUrl\":\"https:\\\/\\\/thefeminismproject.com\\\/wp-content\\\/uploads\\\/2024\\\/10\\\/pexels-vazhnik-7561648.jpg\",\"width\":2500,\"height\":1667,\"caption\":\"thefeminismproject.com\"},\"image\":{\"@id\":\"https:\\\/\\\/thefeminismproject.com\\\/fr\\\/#\\\/schema\\\/logo\\\/image\\\/\"}},{\"@type\":\"Person\",\"@id\":\"https:\\\/\\\/thefeminismproject.com\\\/fr\\\/#\\\/schema\\\/person\\\/d2d84f0918ac04ca2b9f5b912890ad51\",\"name\":\"Joaquimma Anna\",\"image\":{\"@type\":\"ImageObject\",\"inLanguage\":\"fr-FR\",\"@id\":\"https:\\\/\\\/secure.gravatar.com\\\/avatar\\\/7d06747db1565e73d68391d596fc2eb15a10a4b4c1864574c454435523af94f1?s=96&d=mm&r=g\",\"url\":\"https:\\\/\\\/secure.gravatar.com\\\/avatar\\\/7d06747db1565e73d68391d596fc2eb15a10a4b4c1864574c454435523af94f1?s=96&d=mm&r=g\",\"contentUrl\":\"https:\\\/\\\/secure.gravatar.com\\\/avatar\\\/7d06747db1565e73d68391d596fc2eb15a10a4b4c1864574c454435523af94f1?s=96&d=mm&r=g\",\"caption\":\"Joaquimma Anna\"},\"description\":\"Hi my name Joaquimma Anna, and let's tumble down the rabbit hole of thought! At thefeminismproject.com, this blog is a whimsical carnival of ideas. As a mischievous feminism activist, I'm here to juggle the narratives of women. This project? A delightful escapade into the absurdities and splendors of our world. Expect the unexpected!\",\"sameAs\":[\"http:\\\/\\\/thefeminismproject.com\"],\"url\":\"https:\\\/\\\/thefeminismproject.com\\\/fr\\\/author\\\/bella-sungkawa\\\/\"}]}<\/script>\n<!-- \/ Yoast SEO plugin. -->","yoast_head_json":{"title":"Tu seras un homme f\u00e9ministe mon fils (GibertAur\u00e9lia Blanc) : Le livre r\u00e9f\u00e9rence","description":"Dans le paysage litt\u00e9raire contemporain, \"Tu seras un homme f\u00e9ministe mon fils\" d'Aur\u00e9lia Blanc se d\u00e9finit presque comme un manifeste. Mais pourquoi ?","robots":{"index":"index","follow":"follow","max-snippet":"max-snippet:-1","max-image-preview":"max-image-preview:large","max-video-preview":"max-video-preview:-1"},"canonical":"https:\/\/thefeminismproject.com\/fr\/en-vedette\/tu-seras-un-homme-feministe-mon-fils-gibertaurelia-blanc-le-livre-reference\/","og_locale":"fr_FR","og_type":"article","og_title":"Tu seras un homme f\u00e9ministe mon fils (GibertAur\u00e9lia Blanc) : Le livre r\u00e9f\u00e9rence","og_description":"Dans le paysage litt\u00e9raire contemporain, \"Tu seras un homme f\u00e9ministe mon fils\" d'Aur\u00e9lia Blanc se d\u00e9finit presque comme un manifeste. Mais pourquoi ?","og_url":"https:\/\/thefeminismproject.com\/fr\/en-vedette\/tu-seras-un-homme-feministe-mon-fils-gibertaurelia-blanc-le-livre-reference\/","og_site_name":"thefeminismproject.com","article_published_time":"2025-04-15T17:45:45+00:00","og_image":[{"width":831,"height":554,"url":"https:\/\/thefeminismproject.com\/wp-content\/uploads\/2025\/04\/slider_aureliablanc.jpg","type":"image\/jpeg"}],"author":"Joaquimma Anna","twitter_card":"summary_large_image","twitter_misc":{"\u00c9crit par":"Joaquimma Anna","Dur\u00e9e de lecture estim\u00e9e":"4 minutes"},"schema":{"@context":"https:\/\/schema.org","@graph":[{"@type":"Article","@id":"https:\/\/thefeminismproject.com\/fr\/en-vedette\/tu-seras-un-homme-feministe-mon-fils-gibertaurelia-blanc-le-livre-reference\/#article","isPartOf":{"@id":"https:\/\/thefeminismproject.com\/fr\/en-vedette\/tu-seras-un-homme-feministe-mon-fils-gibertaurelia-blanc-le-livre-reference\/"},"author":{"name":"Joaquimma Anna","@id":"https:\/\/thefeminismproject.com\/fr\/#\/schema\/person\/d2d84f0918ac04ca2b9f5b912890ad51"},"headline":"Tu seras un homme f\u00e9ministe mon fils (GibertAur\u00e9lia Blanc) : Le livre r\u00e9f\u00e9rence","datePublished":"2025-04-15T17:45:45+00:00","mainEntityOfPage":{"@id":"https:\/\/thefeminismproject.com\/fr\/en-vedette\/tu-seras-un-homme-feministe-mon-fils-gibertaurelia-blanc-le-livre-reference\/"},"wordCount":913,"commentCount":0,"publisher":{"@id":"https:\/\/thefeminismproject.com\/fr\/#organization"},"image":{"@id":"https:\/\/thefeminismproject.com\/fr\/en-vedette\/tu-seras-un-homme-feministe-mon-fils-gibertaurelia-blanc-le-livre-reference\/#primaryimage"},"thumbnailUrl":"https:\/\/thefeminismproject.com\/wp-content\/uploads\/2025\/04\/slider_aureliablanc.jpg","articleSection":["En vedette"],"inLanguage":"fr-FR","potentialAction":[{"@type":"CommentAction","name":"Comment","target":["https:\/\/thefeminismproject.com\/fr\/en-vedette\/tu-seras-un-homme-feministe-mon-fils-gibertaurelia-blanc-le-livre-reference\/#respond"]}]},{"@type":"WebPage","@id":"https:\/\/thefeminismproject.com\/fr\/en-vedette\/tu-seras-un-homme-feministe-mon-fils-gibertaurelia-blanc-le-livre-reference\/","url":"https:\/\/thefeminismproject.com\/fr\/en-vedette\/tu-seras-un-homme-feministe-mon-fils-gibertaurelia-blanc-le-livre-reference\/","name":"Tu seras un homme f\u00e9ministe mon fils (GibertAur\u00e9lia Blanc) : Le livre r\u00e9f\u00e9rence","isPartOf":{"@id":"https:\/\/thefeminismproject.com\/fr\/#website"},"primaryImageOfPage":{"@id":"https:\/\/thefeminismproject.com\/fr\/en-vedette\/tu-seras-un-homme-feministe-mon-fils-gibertaurelia-blanc-le-livre-reference\/#primaryimage"},"image":{"@id":"https:\/\/thefeminismproject.com\/fr\/en-vedette\/tu-seras-un-homme-feministe-mon-fils-gibertaurelia-blanc-le-livre-reference\/#primaryimage"},"thumbnailUrl":"https:\/\/thefeminismproject.com\/wp-content\/uploads\/2025\/04\/slider_aureliablanc.jpg","datePublished":"2025-04-15T17:45:45+00:00","description":"Dans le paysage litt\u00e9raire contemporain, \"Tu seras un homme f\u00e9ministe mon fils\" d'Aur\u00e9lia Blanc se d\u00e9finit presque comme un manifeste. Mais pourquoi ?","breadcrumb":{"@id":"https:\/\/thefeminismproject.com\/fr\/en-vedette\/tu-seras-un-homme-feministe-mon-fils-gibertaurelia-blanc-le-livre-reference\/#breadcrumb"},"inLanguage":"fr-FR","potentialAction":[{"@type":"ReadAction","target":["https:\/\/thefeminismproject.com\/fr\/en-vedette\/tu-seras-un-homme-feministe-mon-fils-gibertaurelia-blanc-le-livre-reference\/"]}]},{"@type":"ImageObject","inLanguage":"fr-FR","@id":"https:\/\/thefeminismproject.com\/fr\/en-vedette\/tu-seras-un-homme-feministe-mon-fils-gibertaurelia-blanc-le-livre-reference\/#primaryimage","url":"https:\/\/thefeminismproject.com\/wp-content\/uploads\/2025\/04\/slider_aureliablanc.jpg","contentUrl":"https:\/\/thefeminismproject.com\/wp-content\/uploads\/2025\/04\/slider_aureliablanc.jpg","width":831,"height":554},{"@type":"BreadcrumbList","@id":"https:\/\/thefeminismproject.com\/fr\/en-vedette\/tu-seras-un-homme-feministe-mon-fils-gibertaurelia-blanc-le-livre-reference\/#breadcrumb","itemListElement":[{"@type":"ListItem","position":1,"name":"Home","item":"https:\/\/thefeminismproject.com\/fr\/accueil\/"},{"@type":"ListItem","position":2,"name":"Tu seras un homme f\u00e9ministe mon fils (GibertAur\u00e9lia Blanc) : Le livre r\u00e9f\u00e9rence"}]},{"@type":"WebSite","@id":"https:\/\/thefeminismproject.com\/fr\/#website","url":"https:\/\/thefeminismproject.com\/fr\/","name":"thefeminismproject.com","description":"Popular culture with a feminist twist | let&#039;s talk about things that matter (news that feels right)","publisher":{"@id":"https:\/\/thefeminismproject.com\/fr\/#organization"},"potentialAction":[{"@type":"SearchAction","target":{"@type":"EntryPoint","urlTemplate":"https:\/\/thefeminismproject.com\/fr\/?s={search_term_string}"},"query-input":{"@type":"PropertyValueSpecification","valueRequired":true,"valueName":"search_term_string"}}],"inLanguage":"fr-FR"},{"@type":"Organization","@id":"https:\/\/thefeminismproject.com\/fr\/#organization","name":"thefeminismproject.com","url":"https:\/\/thefeminismproject.com\/fr\/","logo":{"@type":"ImageObject","inLanguage":"fr-FR","@id":"https:\/\/thefeminismproject.com\/fr\/#\/schema\/logo\/image\/","url":"https:\/\/thefeminismproject.com\/wp-content\/uploads\/2024\/10\/pexels-vazhnik-7561648.jpg","contentUrl":"https:\/\/thefeminismproject.com\/wp-content\/uploads\/2024\/10\/pexels-vazhnik-7561648.jpg","width":2500,"height":1667,"caption":"thefeminismproject.com"},"image":{"@id":"https:\/\/thefeminismproject.com\/fr\/#\/schema\/logo\/image\/"}},{"@type":"Person","@id":"https:\/\/thefeminismproject.com\/fr\/#\/schema\/person\/d2d84f0918ac04ca2b9f5b912890ad51","name":"Joaquimma Anna","image":{"@type":"ImageObject","inLanguage":"fr-FR","@id":"https:\/\/secure.gravatar.com\/avatar\/7d06747db1565e73d68391d596fc2eb15a10a4b4c1864574c454435523af94f1?s=96&d=mm&r=g","url":"https:\/\/secure.gravatar.com\/avatar\/7d06747db1565e73d68391d596fc2eb15a10a4b4c1864574c454435523af94f1?s=96&d=mm&r=g","contentUrl":"https:\/\/secure.gravatar.com\/avatar\/7d06747db1565e73d68391d596fc2eb15a10a4b4c1864574c454435523af94f1?s=96&d=mm&r=g","caption":"Joaquimma Anna"},"description":"Hi my name Joaquimma Anna, and let's tumble down the rabbit hole of thought! At thefeminismproject.com, this blog is a whimsical carnival of ideas. As a mischievous feminism activist, I'm here to juggle the narratives of women. This project? A delightful escapade into the absurdities and splendors of our world. Expect the unexpected!","sameAs":["http:\/\/thefeminismproject.com"],"url":"https:\/\/thefeminismproject.com\/fr\/author\/bella-sungkawa\/"}]}},"_links":{"self":[{"href":"https:\/\/thefeminismproject.com\/fr\/wp-json\/wp\/v2\/posts\/1041962","targetHints":{"allow":["GET"]}}],"collection":[{"href":"https:\/\/thefeminismproject.com\/fr\/wp-json\/wp\/v2\/posts"}],"about":[{"href":"https:\/\/thefeminismproject.com\/fr\/wp-json\/wp\/v2\/types\/post"}],"author":[{"embeddable":true,"href":"https:\/\/thefeminismproject.com\/fr\/wp-json\/wp\/v2\/users\/1"}],"replies":[{"embeddable":true,"href":"https:\/\/thefeminismproject.com\/fr\/wp-json\/wp\/v2\/comments?post=1041962"}],"version-history":[{"count":0,"href":"https:\/\/thefeminismproject.com\/fr\/wp-json\/wp\/v2\/posts\/1041962\/revisions"}],"wp:featuredmedia":[{"embeddable":true,"href":"https:\/\/thefeminismproject.com\/fr\/wp-json\/wp\/v2\/media\/1041920"}],"wp:attachment":[{"href":"https:\/\/thefeminismproject.com\/fr\/wp-json\/wp\/v2\/media?parent=1041962"}],"wp:term":[{"taxonomy":"category","embeddable":true,"href":"https:\/\/thefeminismproject.com\/fr\/wp-json\/wp\/v2\/categories?post=1041962"},{"taxonomy":"post_tag","embeddable":true,"href":"https:\/\/thefeminismproject.com\/fr\/wp-json\/wp\/v2\/tags?post=1041962"}],"curies":[{"name":"wp","href":"https:\/\/api.w.org\/{rel}","templated":true}]}}