{"id":1041968,"date":"2025-04-17T19:41:01","date_gmt":"2025-04-17T19:41:01","guid":{"rendered":"https:\/\/thefeminismproject.com\/non-categorise\/tu-seras-une-mere-feministe-lengagement-commence-a-la-maison\/"},"modified":"2025-04-17T19:41:01","modified_gmt":"2025-04-17T19:41:01","slug":"tu-seras-une-mere-feministe-lengagement-commence-a-la-maison","status":"publish","type":"post","link":"https:\/\/thefeminismproject.com\/fr\/en-vedette\/tu-seras-une-mere-feministe-lengagement-commence-a-la-maison\/","title":{"rendered":"Tu seras une m\u00e8re f\u00e9ministe : L&rsquo;engagement commence \u00e0 la maison"},"content":{"rendered":"<p>Dans un monde o\u00f9 les st\u00e9r\u00e9otypes de genre perdurent, la parentalit\u00e9 appara\u00eet souvent comme une ar\u00e8ne de lutte pour l\u2019\u00e9galit\u00e9. Au c\u0153ur de cette dynamique, l\u2019ouvrage \u00ab\u00a0Tu seras une m\u00e8re f\u00e9ministe\u00a0\u00bb \u00e9merge comme un manifeste audacieux. Il ne s\u2019agit pas simplement d\u2019un livre, mais d\u2019un appel \u00e0 l\u2019action, un cri de ralliement pour toutes les m\u00e8res qui souhaitent faire de leur foyer un bastion de l&rsquo;\u00e9galit\u00e9 et de la justice sociale.<\/p>\n<p>La maternit\u00e9, traditionnellement per\u00e7ue comme un domaine exclusivement f\u00e9minin, ne devrait pas se limiter \u00e0 un r\u00f4le passif. Il est imp\u00e9ratif que chaque m\u00e8re reconnaisse son r\u00f4le crucial dans la construction de futurs citoyens \u00e9clair\u00e9s. D&rsquo;un c\u00f4t\u00e9, ce livre exhorte les femmes \u00e0 revendiquer leur position. De l&rsquo;autre, il remet en question les normes patriarcales ancr\u00e9es dans notre soci\u00e9t\u00e9. Les promesses d&rsquo;un changement de perspective ne devraient pas \u00eatre prises \u00e0 la l\u00e9g\u00e8re.<\/p>\n<p>Dans ce contexte, il est essentiel de s\u2019interroger : qu\u2019est-ce que signifie \u00eatre une m\u00e8re f\u00e9ministe? Cela implique bien plus que de simples id\u00e9aux. Une m\u00e8re f\u00e9ministe se doit d&rsquo;inculquer des valeurs d&rsquo;\u00e9galit\u00e9, de respect et de justice \u00e0 ses enfants. L&rsquo;engagement commence \u00e0 la maison. Dans chaque geste du quotidien se dissimule une opportunit\u00e9 d&rsquo;\u00e9lever des consciences.<\/p>\n<p>Imaginez un instant une m\u00e8re qui, au lieu de dire \u00e0 sa fille que sa beaut\u00e9 doit \u00eatre son atout principal, lui enseigne la valeur de son esprit. Plut\u00f4t que d&rsquo;encourager son fils \u00e0 adopter un comportement r\u00e9pressif vis-\u00e0-vis des \u00e9motions, elle lui montre que la vuln\u00e9rabilit\u00e9 est une force. Ces choix \u00e9ducatifs d\u00e9terminent le futur des g\u00e9n\u00e9rations \u00e0 venir.<\/p>\n<p>Mais, qu&rsquo;en est-il de l&rsquo;environnement ext\u00e9rieur? Il est crucial que les m\u00e8res ne se contentent pas d&rsquo;un engagement personnel, mais adoptent aussi une posture critique face aux structures sociales. \u00c9lever des enfants en \u00e9tant consciente des injustices qui les guettent constitue un acte de r\u00e9sistance. Par ailleurs, les m\u00e8res f\u00e9ministes doivent aussi apprendre \u00e0 d\u00e9jouer les clich\u00e9s et \u00e0 questionner les pr\u00e9jug\u00e9s qui s&rsquo;immiscent dans le quotidien observ\u00e9 par leurs enfants. Qui a dit que le f\u00e9minisme \u00e9tait un combat uniquement personnel? Il est un combat collectif, ancr\u00e9 dans chaque foyer.<\/p>\n<p>\u00c9lever des enfants dans un cadre f\u00e9ministe signifie \u00e9galement s&rsquo;entourer d&rsquo;alli\u00e9s. En confrontant les discours ali\u00e9nants des m\u00e9dias et des institutions, les m\u00e8res peuvent s\u2019\u00e9panouir dans un r\u00e9seau de soutien mutuel. La solidarit\u00e9 entre m\u00e8res, la cr\u00e9ation de groupes de discussion et la fr\u00e9quente participation \u00e0 des \u00e9v\u00e9nements f\u00e9ministes renforcent cette d\u00e9marche. Unis, nous apprenons davantage sur la lutte et avons l\u2019opportunit\u00e9 de partager des ressources.<\/p>\n<p>L\u2019\u00e9quit\u00e9 des genres ne doit pas \u00eatre une notion abstraite. Elle doit \u00eatre int\u00e9gr\u00e9e dans le quotidien. Les petits gestes, les rituels familiaux, peuvent tous \u00eatre fa\u00e7onn\u00e9s par une conscience f\u00e9ministe. Responsabiliser les enfants quant aux t\u00e2ches m\u00e9nag\u00e8res, par exemple, permet d\u2019instaurer une \u00e9galit\u00e9 des r\u00f4les au sein du foyer. Il ne suffit pas de pr\u00eacher l\u2019\u00e9galit\u00e9; il faut l\u2019incarner. Chaque activit\u00e9, qu\u2019il s\u2019agisse de la cuisine, des loisirs ou de l&rsquo;\u00e9ducation, peut devenir une occasion d\u2019\u00e9duquer sur l\u2019\u00e9quit\u00e9.<\/p>\n<p>Il en d\u00e9coule une interrogation l\u00e9gitime : comment externaliser cette approche? Les m\u00e8res f\u00e9ministes doivent surmonter des obstacles \u00e9ducatifs. Pourquoi ne pas initier des discussions au sein des \u00e9coles, sur des th\u00e8mes tels que la d\u00e9construction des st\u00e9r\u00e9otypes ou l\u2019approche non violente des conflits? Parfois, il est n\u00e9cessaire de d\u00e9ranger le statu quo pour faire \u00e9voluer les mentalit\u00e9s.<\/p>\n<p>N\u00e9anmoins, il est crucial de reconna\u00eetre que la route peut \u00eatre sem\u00e9e d&#8217;emb\u00fbches. Les critiques peuvent fuser. Une m\u00e8re engag\u00e9e peut \u00eatre per\u00e7ue comme trop radicale ou m\u00eame d\u00e9raisonnable. Pourtant, cette controverse doit \u00eatre embrass\u00e9e, car le changement d\u00e9range toujours. En affrontant les tabous, une m\u00e8re f\u00e9ministe contribue \u00e0 une r\u00e9\u00e9valuation soci\u00e9tale des comportements acceptables. Elle se doit de se fier \u00e0 ses instincts, m\u00eame face \u00e0 l\u2019opposition.<\/p>\n<p>Il est inacceptable de vivre dans un environnement o\u00f9 l\u2019\u00e9galit\u00e9 n\u2019est qu\u2019un lointain mirage. Cela n\u00e9cessite un engagement solide et constant de la part des m\u00e8res. La masculinit\u00e9 toxique, les pr\u00e9jug\u00e9s et les in\u00e9galit\u00e9s de pouvoir doivent \u00eatre diss\u00e9qu\u00e9s et critiqu\u00e9s au sein du foyer. Enseigner aux enfants \u00e0 remettre en question les normes et \u00e0 d\u00e9fendre les in\u00e9galit\u00e9s est l\u2019une des plus grandes promesses que l\u2019on peut leur faire.<\/p>\n<p>En fin de compte, le livre \u00ab\u00a0Tu seras une m\u00e8re f\u00e9ministe\u00a0\u00bb ne se contente pas d&rsquo;\u00e9laborer une th\u00e9orie. Il pose les fondations d\u2019une pratique n\u00e9cessaire. Le changement v\u00e9ritable se produit lorsque les enfants grandissent en comprenant que leur m\u00e9rite ne repose pas sur des attributs physiques ou des r\u00f4les traditionnels. Ils doivent devenir des acteurs du changement dans la soci\u00e9t\u00e9.<\/p>\n<p>L\u2019engagement commence \u00e0 la maison. Pour une soci\u00e9t\u00e9 plus juste, il devient urgent d\u2019\u00e9riger nos foyers en bastions f\u00e9ministes. Le futur de l\u2019\u00e9galit\u00e9 s\u2019\u00e9crit \u00e0 travers chaque mot, chaque geste, et chaque choix \u00e9ducatif. N&rsquo;est-il pas temps de le revendiquer avec fiert\u00e9?<\/p>\n","protected":false},"excerpt":{"rendered":"<p>Dans un monde o\u00f9 les st\u00e9r\u00e9otypes de genre perdurent, la parentalit\u00e9 appara\u00eet souvent comme une ar\u00e8ne de lutte pour l\u2019\u00e9galit\u00e9. Au c\u0153ur de cette dynamique, l\u2019ouvrage \u00ab\u00a0Tu seras une m\u00e8re f\u00e9ministe\u00a0\u00bb \u00e9merge comme un manifeste audacieux. Il ne s\u2019agit pas simplement d\u2019un livre, mais d\u2019un appel \u00e0 l\u2019action, un cri de ralliement pour toutes les [&hellip;]<\/p>\n","protected":false},"author":1,"featured_media":1041969,"comment_status":"open","ping_status":"open","sticky":false,"template":"","format":"standard","meta":{"footnotes":""},"categories":[77],"tags":[],"class_list":{"0":"post-1041968","1":"post","2":"type-post","3":"status-publish","4":"format-standard","5":"has-post-thumbnail","7":"category-en-vedette"},"yoast_head":"<!-- This site is optimized with the Yoast SEO plugin v27.4 - https:\/\/yoast.com\/product\/yoast-seo-wordpress\/ -->\n<title>Tu seras une m\u00e8re f\u00e9ministe : L&#039;engagement commence \u00e0 la maison<\/title>\n<meta name=\"description\" content=\"Dans un monde o\u00f9 les st\u00e9r\u00e9otypes de genre perdurent, la parentalit\u00e9 appara\u00eet souvent comme une ar\u00e8ne de lutte pour l\u2019\u00e9galit\u00e9. Au c\u0153ur de cette dynamique,\" \/>\n<meta name=\"robots\" content=\"index, follow, max-snippet:-1, max-image-preview:large, max-video-preview:-1\" \/>\n<link rel=\"canonical\" href=\"https:\/\/thefeminismproject.com\/fr\/en-vedette\/tu-seras-une-mere-feministe-lengagement-commence-a-la-maison\/\" \/>\n<meta property=\"og:locale\" content=\"fr_FR\" \/>\n<meta property=\"og:type\" content=\"article\" \/>\n<meta property=\"og:title\" content=\"Tu seras une m\u00e8re f\u00e9ministe : L&#039;engagement commence \u00e0 la maison\" \/>\n<meta property=\"og:description\" content=\"Dans un monde o\u00f9 les st\u00e9r\u00e9otypes de genre perdurent, la parentalit\u00e9 appara\u00eet souvent comme une ar\u00e8ne de lutte pour l\u2019\u00e9galit\u00e9. Au c\u0153ur de cette dynamique,\" \/>\n<meta property=\"og:url\" content=\"https:\/\/thefeminismproject.com\/fr\/en-vedette\/tu-seras-une-mere-feministe-lengagement-commence-a-la-maison\/\" \/>\n<meta property=\"og:site_name\" content=\"thefeminismproject.com\" \/>\n<meta property=\"article:published_time\" content=\"2025-04-17T19:41:01+00:00\" \/>\n<meta property=\"og:image\" content=\"https:\/\/thefeminismproject.com\/wp-content\/uploads\/2025\/04\/9782501167284-002-X.jpeg\" \/>\n\t<meta property=\"og:image:width\" content=\"543\" \/>\n\t<meta property=\"og:image:height\" content=\"800\" \/>\n\t<meta property=\"og:image:type\" content=\"image\/jpeg\" \/>\n<meta name=\"author\" content=\"Joaquimma Anna\" \/>\n<meta name=\"twitter:card\" content=\"summary_large_image\" \/>\n<meta name=\"twitter:label1\" content=\"\u00c9crit par\" \/>\n\t<meta name=\"twitter:data1\" content=\"Joaquimma Anna\" \/>\n\t<meta name=\"twitter:label2\" content=\"Dur\u00e9e de lecture estim\u00e9e\" \/>\n\t<meta name=\"twitter:data2\" content=\"5 minutes\" \/>\n<script type=\"application\/ld+json\" class=\"yoast-schema-graph\">{\"@context\":\"https:\\\/\\\/schema.org\",\"@graph\":[{\"@type\":\"Article\",\"@id\":\"https:\\\/\\\/thefeminismproject.com\\\/fr\\\/en-vedette\\\/tu-seras-une-mere-feministe-lengagement-commence-a-la-maison\\\/#article\",\"isPartOf\":{\"@id\":\"https:\\\/\\\/thefeminismproject.com\\\/fr\\\/en-vedette\\\/tu-seras-une-mere-feministe-lengagement-commence-a-la-maison\\\/\"},\"author\":{\"name\":\"Joaquimma Anna\",\"@id\":\"https:\\\/\\\/thefeminismproject.com\\\/fr\\\/#\\\/schema\\\/person\\\/d2d84f0918ac04ca2b9f5b912890ad51\"},\"headline\":\"Tu seras une m\u00e8re f\u00e9ministe : L&rsquo;engagement commence \u00e0 la maison\",\"datePublished\":\"2025-04-17T19:41:01+00:00\",\"mainEntityOfPage\":{\"@id\":\"https:\\\/\\\/thefeminismproject.com\\\/fr\\\/en-vedette\\\/tu-seras-une-mere-feministe-lengagement-commence-a-la-maison\\\/\"},\"wordCount\":950,\"commentCount\":0,\"publisher\":{\"@id\":\"https:\\\/\\\/thefeminismproject.com\\\/fr\\\/#organization\"},\"image\":{\"@id\":\"https:\\\/\\\/thefeminismproject.com\\\/fr\\\/en-vedette\\\/tu-seras-une-mere-feministe-lengagement-commence-a-la-maison\\\/#primaryimage\"},\"thumbnailUrl\":\"https:\\\/\\\/thefeminismproject.com\\\/wp-content\\\/uploads\\\/2025\\\/04\\\/9782501167284-002-X.jpeg\",\"articleSection\":[\"En vedette\"],\"inLanguage\":\"fr-FR\",\"potentialAction\":[{\"@type\":\"CommentAction\",\"name\":\"Comment\",\"target\":[\"https:\\\/\\\/thefeminismproject.com\\\/fr\\\/en-vedette\\\/tu-seras-une-mere-feministe-lengagement-commence-a-la-maison\\\/#respond\"]}]},{\"@type\":\"WebPage\",\"@id\":\"https:\\\/\\\/thefeminismproject.com\\\/fr\\\/en-vedette\\\/tu-seras-une-mere-feministe-lengagement-commence-a-la-maison\\\/\",\"url\":\"https:\\\/\\\/thefeminismproject.com\\\/fr\\\/en-vedette\\\/tu-seras-une-mere-feministe-lengagement-commence-a-la-maison\\\/\",\"name\":\"Tu seras une m\u00e8re f\u00e9ministe : L'engagement commence \u00e0 la maison\",\"isPartOf\":{\"@id\":\"https:\\\/\\\/thefeminismproject.com\\\/fr\\\/#website\"},\"primaryImageOfPage\":{\"@id\":\"https:\\\/\\\/thefeminismproject.com\\\/fr\\\/en-vedette\\\/tu-seras-une-mere-feministe-lengagement-commence-a-la-maison\\\/#primaryimage\"},\"image\":{\"@id\":\"https:\\\/\\\/thefeminismproject.com\\\/fr\\\/en-vedette\\\/tu-seras-une-mere-feministe-lengagement-commence-a-la-maison\\\/#primaryimage\"},\"thumbnailUrl\":\"https:\\\/\\\/thefeminismproject.com\\\/wp-content\\\/uploads\\\/2025\\\/04\\\/9782501167284-002-X.jpeg\",\"datePublished\":\"2025-04-17T19:41:01+00:00\",\"description\":\"Dans un monde o\u00f9 les st\u00e9r\u00e9otypes de genre perdurent, la parentalit\u00e9 appara\u00eet souvent comme une ar\u00e8ne de lutte pour l\u2019\u00e9galit\u00e9. Au c\u0153ur de cette dynamique,\",\"breadcrumb\":{\"@id\":\"https:\\\/\\\/thefeminismproject.com\\\/fr\\\/en-vedette\\\/tu-seras-une-mere-feministe-lengagement-commence-a-la-maison\\\/#breadcrumb\"},\"inLanguage\":\"fr-FR\",\"potentialAction\":[{\"@type\":\"ReadAction\",\"target\":[\"https:\\\/\\\/thefeminismproject.com\\\/fr\\\/en-vedette\\\/tu-seras-une-mere-feministe-lengagement-commence-a-la-maison\\\/\"]}]},{\"@type\":\"ImageObject\",\"inLanguage\":\"fr-FR\",\"@id\":\"https:\\\/\\\/thefeminismproject.com\\\/fr\\\/en-vedette\\\/tu-seras-une-mere-feministe-lengagement-commence-a-la-maison\\\/#primaryimage\",\"url\":\"https:\\\/\\\/thefeminismproject.com\\\/wp-content\\\/uploads\\\/2025\\\/04\\\/9782501167284-002-X.jpeg\",\"contentUrl\":\"https:\\\/\\\/thefeminismproject.com\\\/wp-content\\\/uploads\\\/2025\\\/04\\\/9782501167284-002-X.jpeg\",\"width\":543,\"height\":800},{\"@type\":\"BreadcrumbList\",\"@id\":\"https:\\\/\\\/thefeminismproject.com\\\/fr\\\/en-vedette\\\/tu-seras-une-mere-feministe-lengagement-commence-a-la-maison\\\/#breadcrumb\",\"itemListElement\":[{\"@type\":\"ListItem\",\"position\":1,\"name\":\"Home\",\"item\":\"https:\\\/\\\/thefeminismproject.com\\\/fr\\\/accueil\\\/\"},{\"@type\":\"ListItem\",\"position\":2,\"name\":\"Tu seras une m\u00e8re f\u00e9ministe : L&rsquo;engagement commence \u00e0 la maison\"}]},{\"@type\":\"WebSite\",\"@id\":\"https:\\\/\\\/thefeminismproject.com\\\/fr\\\/#website\",\"url\":\"https:\\\/\\\/thefeminismproject.com\\\/fr\\\/\",\"name\":\"thefeminismproject.com\",\"description\":\"Popular culture with a feminist twist | let&#039;s talk about things that matter (news that feels right)\",\"publisher\":{\"@id\":\"https:\\\/\\\/thefeminismproject.com\\\/fr\\\/#organization\"},\"potentialAction\":[{\"@type\":\"SearchAction\",\"target\":{\"@type\":\"EntryPoint\",\"urlTemplate\":\"https:\\\/\\\/thefeminismproject.com\\\/fr\\\/?s={search_term_string}\"},\"query-input\":{\"@type\":\"PropertyValueSpecification\",\"valueRequired\":true,\"valueName\":\"search_term_string\"}}],\"inLanguage\":\"fr-FR\"},{\"@type\":\"Organization\",\"@id\":\"https:\\\/\\\/thefeminismproject.com\\\/fr\\\/#organization\",\"name\":\"thefeminismproject.com\",\"url\":\"https:\\\/\\\/thefeminismproject.com\\\/fr\\\/\",\"logo\":{\"@type\":\"ImageObject\",\"inLanguage\":\"fr-FR\",\"@id\":\"https:\\\/\\\/thefeminismproject.com\\\/fr\\\/#\\\/schema\\\/logo\\\/image\\\/\",\"url\":\"https:\\\/\\\/thefeminismproject.com\\\/wp-content\\\/uploads\\\/2024\\\/10\\\/pexels-vazhnik-7561648.jpg\",\"contentUrl\":\"https:\\\/\\\/thefeminismproject.com\\\/wp-content\\\/uploads\\\/2024\\\/10\\\/pexels-vazhnik-7561648.jpg\",\"width\":2500,\"height\":1667,\"caption\":\"thefeminismproject.com\"},\"image\":{\"@id\":\"https:\\\/\\\/thefeminismproject.com\\\/fr\\\/#\\\/schema\\\/logo\\\/image\\\/\"}},{\"@type\":\"Person\",\"@id\":\"https:\\\/\\\/thefeminismproject.com\\\/fr\\\/#\\\/schema\\\/person\\\/d2d84f0918ac04ca2b9f5b912890ad51\",\"name\":\"Joaquimma Anna\",\"image\":{\"@type\":\"ImageObject\",\"inLanguage\":\"fr-FR\",\"@id\":\"https:\\\/\\\/secure.gravatar.com\\\/avatar\\\/7d06747db1565e73d68391d596fc2eb15a10a4b4c1864574c454435523af94f1?s=96&d=mm&r=g\",\"url\":\"https:\\\/\\\/secure.gravatar.com\\\/avatar\\\/7d06747db1565e73d68391d596fc2eb15a10a4b4c1864574c454435523af94f1?s=96&d=mm&r=g\",\"contentUrl\":\"https:\\\/\\\/secure.gravatar.com\\\/avatar\\\/7d06747db1565e73d68391d596fc2eb15a10a4b4c1864574c454435523af94f1?s=96&d=mm&r=g\",\"caption\":\"Joaquimma Anna\"},\"description\":\"Hi my name Joaquimma Anna, and let's tumble down the rabbit hole of thought! At thefeminismproject.com, this blog is a whimsical carnival of ideas. As a mischievous feminism activist, I'm here to juggle the narratives of women. This project? A delightful escapade into the absurdities and splendors of our world. Expect the unexpected!\",\"sameAs\":[\"http:\\\/\\\/thefeminismproject.com\"],\"url\":\"https:\\\/\\\/thefeminismproject.com\\\/fr\\\/author\\\/bella-sungkawa\\\/\"}]}<\/script>\n<!-- \/ Yoast SEO plugin. -->","yoast_head_json":{"title":"Tu seras une m\u00e8re f\u00e9ministe : L'engagement commence \u00e0 la maison","description":"Dans un monde o\u00f9 les st\u00e9r\u00e9otypes de genre perdurent, la parentalit\u00e9 appara\u00eet souvent comme une ar\u00e8ne de lutte pour l\u2019\u00e9galit\u00e9. Au c\u0153ur de cette dynamique,","robots":{"index":"index","follow":"follow","max-snippet":"max-snippet:-1","max-image-preview":"max-image-preview:large","max-video-preview":"max-video-preview:-1"},"canonical":"https:\/\/thefeminismproject.com\/fr\/en-vedette\/tu-seras-une-mere-feministe-lengagement-commence-a-la-maison\/","og_locale":"fr_FR","og_type":"article","og_title":"Tu seras une m\u00e8re f\u00e9ministe : L'engagement commence \u00e0 la maison","og_description":"Dans un monde o\u00f9 les st\u00e9r\u00e9otypes de genre perdurent, la parentalit\u00e9 appara\u00eet souvent comme une ar\u00e8ne de lutte pour l\u2019\u00e9galit\u00e9. Au c\u0153ur de cette dynamique,","og_url":"https:\/\/thefeminismproject.com\/fr\/en-vedette\/tu-seras-une-mere-feministe-lengagement-commence-a-la-maison\/","og_site_name":"thefeminismproject.com","article_published_time":"2025-04-17T19:41:01+00:00","og_image":[{"width":543,"height":800,"url":"https:\/\/thefeminismproject.com\/wp-content\/uploads\/2025\/04\/9782501167284-002-X.jpeg","type":"image\/jpeg"}],"author":"Joaquimma Anna","twitter_card":"summary_large_image","twitter_misc":{"\u00c9crit par":"Joaquimma Anna","Dur\u00e9e de lecture estim\u00e9e":"5 minutes"},"schema":{"@context":"https:\/\/schema.org","@graph":[{"@type":"Article","@id":"https:\/\/thefeminismproject.com\/fr\/en-vedette\/tu-seras-une-mere-feministe-lengagement-commence-a-la-maison\/#article","isPartOf":{"@id":"https:\/\/thefeminismproject.com\/fr\/en-vedette\/tu-seras-une-mere-feministe-lengagement-commence-a-la-maison\/"},"author":{"name":"Joaquimma Anna","@id":"https:\/\/thefeminismproject.com\/fr\/#\/schema\/person\/d2d84f0918ac04ca2b9f5b912890ad51"},"headline":"Tu seras une m\u00e8re f\u00e9ministe : L&rsquo;engagement commence \u00e0 la maison","datePublished":"2025-04-17T19:41:01+00:00","mainEntityOfPage":{"@id":"https:\/\/thefeminismproject.com\/fr\/en-vedette\/tu-seras-une-mere-feministe-lengagement-commence-a-la-maison\/"},"wordCount":950,"commentCount":0,"publisher":{"@id":"https:\/\/thefeminismproject.com\/fr\/#organization"},"image":{"@id":"https:\/\/thefeminismproject.com\/fr\/en-vedette\/tu-seras-une-mere-feministe-lengagement-commence-a-la-maison\/#primaryimage"},"thumbnailUrl":"https:\/\/thefeminismproject.com\/wp-content\/uploads\/2025\/04\/9782501167284-002-X.jpeg","articleSection":["En vedette"],"inLanguage":"fr-FR","potentialAction":[{"@type":"CommentAction","name":"Comment","target":["https:\/\/thefeminismproject.com\/fr\/en-vedette\/tu-seras-une-mere-feministe-lengagement-commence-a-la-maison\/#respond"]}]},{"@type":"WebPage","@id":"https:\/\/thefeminismproject.com\/fr\/en-vedette\/tu-seras-une-mere-feministe-lengagement-commence-a-la-maison\/","url":"https:\/\/thefeminismproject.com\/fr\/en-vedette\/tu-seras-une-mere-feministe-lengagement-commence-a-la-maison\/","name":"Tu seras une m\u00e8re f\u00e9ministe : L'engagement commence \u00e0 la maison","isPartOf":{"@id":"https:\/\/thefeminismproject.com\/fr\/#website"},"primaryImageOfPage":{"@id":"https:\/\/thefeminismproject.com\/fr\/en-vedette\/tu-seras-une-mere-feministe-lengagement-commence-a-la-maison\/#primaryimage"},"image":{"@id":"https:\/\/thefeminismproject.com\/fr\/en-vedette\/tu-seras-une-mere-feministe-lengagement-commence-a-la-maison\/#primaryimage"},"thumbnailUrl":"https:\/\/thefeminismproject.com\/wp-content\/uploads\/2025\/04\/9782501167284-002-X.jpeg","datePublished":"2025-04-17T19:41:01+00:00","description":"Dans un monde o\u00f9 les st\u00e9r\u00e9otypes de genre perdurent, la parentalit\u00e9 appara\u00eet souvent comme une ar\u00e8ne de lutte pour l\u2019\u00e9galit\u00e9. Au c\u0153ur de cette dynamique,","breadcrumb":{"@id":"https:\/\/thefeminismproject.com\/fr\/en-vedette\/tu-seras-une-mere-feministe-lengagement-commence-a-la-maison\/#breadcrumb"},"inLanguage":"fr-FR","potentialAction":[{"@type":"ReadAction","target":["https:\/\/thefeminismproject.com\/fr\/en-vedette\/tu-seras-une-mere-feministe-lengagement-commence-a-la-maison\/"]}]},{"@type":"ImageObject","inLanguage":"fr-FR","@id":"https:\/\/thefeminismproject.com\/fr\/en-vedette\/tu-seras-une-mere-feministe-lengagement-commence-a-la-maison\/#primaryimage","url":"https:\/\/thefeminismproject.com\/wp-content\/uploads\/2025\/04\/9782501167284-002-X.jpeg","contentUrl":"https:\/\/thefeminismproject.com\/wp-content\/uploads\/2025\/04\/9782501167284-002-X.jpeg","width":543,"height":800},{"@type":"BreadcrumbList","@id":"https:\/\/thefeminismproject.com\/fr\/en-vedette\/tu-seras-une-mere-feministe-lengagement-commence-a-la-maison\/#breadcrumb","itemListElement":[{"@type":"ListItem","position":1,"name":"Home","item":"https:\/\/thefeminismproject.com\/fr\/accueil\/"},{"@type":"ListItem","position":2,"name":"Tu seras une m\u00e8re f\u00e9ministe : L&rsquo;engagement commence \u00e0 la maison"}]},{"@type":"WebSite","@id":"https:\/\/thefeminismproject.com\/fr\/#website","url":"https:\/\/thefeminismproject.com\/fr\/","name":"thefeminismproject.com","description":"Popular culture with a feminist twist | let&#039;s talk about things that matter (news that feels right)","publisher":{"@id":"https:\/\/thefeminismproject.com\/fr\/#organization"},"potentialAction":[{"@type":"SearchAction","target":{"@type":"EntryPoint","urlTemplate":"https:\/\/thefeminismproject.com\/fr\/?s={search_term_string}"},"query-input":{"@type":"PropertyValueSpecification","valueRequired":true,"valueName":"search_term_string"}}],"inLanguage":"fr-FR"},{"@type":"Organization","@id":"https:\/\/thefeminismproject.com\/fr\/#organization","name":"thefeminismproject.com","url":"https:\/\/thefeminismproject.com\/fr\/","logo":{"@type":"ImageObject","inLanguage":"fr-FR","@id":"https:\/\/thefeminismproject.com\/fr\/#\/schema\/logo\/image\/","url":"https:\/\/thefeminismproject.com\/wp-content\/uploads\/2024\/10\/pexels-vazhnik-7561648.jpg","contentUrl":"https:\/\/thefeminismproject.com\/wp-content\/uploads\/2024\/10\/pexels-vazhnik-7561648.jpg","width":2500,"height":1667,"caption":"thefeminismproject.com"},"image":{"@id":"https:\/\/thefeminismproject.com\/fr\/#\/schema\/logo\/image\/"}},{"@type":"Person","@id":"https:\/\/thefeminismproject.com\/fr\/#\/schema\/person\/d2d84f0918ac04ca2b9f5b912890ad51","name":"Joaquimma Anna","image":{"@type":"ImageObject","inLanguage":"fr-FR","@id":"https:\/\/secure.gravatar.com\/avatar\/7d06747db1565e73d68391d596fc2eb15a10a4b4c1864574c454435523af94f1?s=96&d=mm&r=g","url":"https:\/\/secure.gravatar.com\/avatar\/7d06747db1565e73d68391d596fc2eb15a10a4b4c1864574c454435523af94f1?s=96&d=mm&r=g","contentUrl":"https:\/\/secure.gravatar.com\/avatar\/7d06747db1565e73d68391d596fc2eb15a10a4b4c1864574c454435523af94f1?s=96&d=mm&r=g","caption":"Joaquimma Anna"},"description":"Hi my name Joaquimma Anna, and let's tumble down the rabbit hole of thought! At thefeminismproject.com, this blog is a whimsical carnival of ideas. As a mischievous feminism activist, I'm here to juggle the narratives of women. This project? A delightful escapade into the absurdities and splendors of our world. Expect the unexpected!","sameAs":["http:\/\/thefeminismproject.com"],"url":"https:\/\/thefeminismproject.com\/fr\/author\/bella-sungkawa\/"}]}},"_links":{"self":[{"href":"https:\/\/thefeminismproject.com\/fr\/wp-json\/wp\/v2\/posts\/1041968","targetHints":{"allow":["GET"]}}],"collection":[{"href":"https:\/\/thefeminismproject.com\/fr\/wp-json\/wp\/v2\/posts"}],"about":[{"href":"https:\/\/thefeminismproject.com\/fr\/wp-json\/wp\/v2\/types\/post"}],"author":[{"embeddable":true,"href":"https:\/\/thefeminismproject.com\/fr\/wp-json\/wp\/v2\/users\/1"}],"replies":[{"embeddable":true,"href":"https:\/\/thefeminismproject.com\/fr\/wp-json\/wp\/v2\/comments?post=1041968"}],"version-history":[{"count":0,"href":"https:\/\/thefeminismproject.com\/fr\/wp-json\/wp\/v2\/posts\/1041968\/revisions"}],"wp:featuredmedia":[{"embeddable":true,"href":"https:\/\/thefeminismproject.com\/fr\/wp-json\/wp\/v2\/media\/1041969"}],"wp:attachment":[{"href":"https:\/\/thefeminismproject.com\/fr\/wp-json\/wp\/v2\/media?parent=1041968"}],"wp:term":[{"taxonomy":"category","embeddable":true,"href":"https:\/\/thefeminismproject.com\/fr\/wp-json\/wp\/v2\/categories?post=1041968"},{"taxonomy":"post_tag","embeddable":true,"href":"https:\/\/thefeminismproject.com\/fr\/wp-json\/wp\/v2\/tags?post=1041968"}],"curies":[{"name":"wp","href":"https:\/\/api.w.org\/{rel}","templated":true}]}}